{"id":44511,"date":"2018-03-18T06:36:29","date_gmt":"2018-03-18T09:36:29","guid":{"rendered":"http:\/\/caririemacao.com\/1\/?p=44511"},"modified":"2018-03-18T06:36:29","modified_gmt":"2018-03-18T09:36:29","slug":"grupo-e-preso-em-laboratorio-clandestino-de-anabolizantes","status":"publish","type":"post","link":"https:\/\/www.caririemacao.com\/1\/2018\/03\/18\/grupo-e-preso-em-laboratorio-clandestino-de-anabolizantes\/","title":{"rendered":"Grupo \u00e9 preso em laborat\u00f3rio clandestino de anabolizantes,"},"content":{"rendered":"<div class=\"mc-column content-text active-extra-styles active-capital-letter\" data-block-type=\"unstyled\" data-block-weight=\"43\" data-block-id=\"2\">\n<p class=\"content-text__container theme-color-primary-first-letter\" data-track-category=\"Link no Texto\" data-track-links=\"\">Tr\u00eas pessoas foram presas em um apartamento que era usado para a fabrica\u00e7\u00e3o clandestina de anabolizantes, no in\u00edcio da noite deste s\u00e1bado (17), em Jo\u00e3o Pessoa. De acordo com a Pol\u00edcia Militar o laborat\u00f3rio abastecia o mercado ilegal de v\u00e1rias cidades do estado.<\/p>\n<\/div>\n<div class=\"mc-column content-text active-extra-styles \" data-block-type=\"unstyled\" data-block-weight=\"51\" data-block-id=\"3\">\n<p class=\"content-text__container \" data-track-category=\"Link no Texto\" data-track-links=\"\">Foram presos dois homens e uma mulher. O apartamento fica na Zona Sul da cidade, no bairro de Colinas do Sul. No local, os policiais encontraram v\u00e1rios materiais e compostos qu\u00edmicos usados para elaborar os produtos, que tinham a finalidade de proporcionar um crescimento r\u00e1pido da musculatura dos praticantes de muscula\u00e7\u00e3o.<\/p>\n<\/div>\n<div class=\"mc-column content-text active-extra-styles \" data-block-type=\"unstyled\" data-block-weight=\"66\" data-block-id=\"4\">\n<p class=\"content-text__container \" data-track-category=\"Link no Texto\" data-track-links=\"\">O local foi descoberto por meio de levantamentos realizados pela Coordenadoria de Intelig\u00eancia (COInt) da Pol\u00edcia Militar, que repassou o ponto exato para os policiais da For\u00e7a T\u00e1tica do 5\u00ba Batalh\u00e3o. De acordo com o capit\u00e3o Bertuni Silva, um dos presos \u00e9 estudante de qu\u00edmica da Universidade Federal da Para\u00edba. Os suspeitos foram encaminhados para a Central de Pol\u00edcia, e v\u00e3o responder por tr\u00e1fico de drogas.<\/p>\n<div class=\"mc-column content-text active-extra-styles \" data-block-type=\"unstyled\" data-block-weight=\"35\" data-block-id=\"17\">\n<p><strong>CARIRI EM A\u00c7\u00c3O<\/strong><\/p>\n<p><em>Com G1\/Foto:\u00a0Capit\u00e3o Bertuni Silva\/5\u00ba Batalh\u00e3o de Pol\u00edcia Militar<\/em><\/p>\n<p><strong>Leia mais not\u00edcias em\u00a0<\/strong><a href=\"http:\/\/www.caririemacao.com\/\"><strong>caririemacao.com<\/strong><\/a><strong>, siga nossa p\u00e1gina no\u00a0<\/strong><a href=\"https:\/\/www.facebook.com\/CaririEmAcao\/?ref=aymt_homepage_panel\"><strong>Facebook<\/strong><\/a>,<strong>\u00a0<\/strong><a href=\"https:\/\/www.instagram.com\/cariri_em_acao\/?hl=pt-br\"><strong>Instagram<\/strong><\/a><strong>\u00a0e\u00a0<\/strong><a href=\"https:\/\/www.youtube.com\/channel\/UCAptA0jQuYQy8vMhLt2m4qg\"><strong>Youtube<\/strong><\/a><strong>\u00a0e veja nossas mat\u00e9rias, v\u00eddeos e fotos. Voc\u00ea tamb\u00e9m pode enviar informa\u00e7\u00f5es \u00e0 Reda\u00e7\u00e3o do Portal Cariri em A\u00e7\u00e3o pelo WhatsApp (83) 9 9634.5791, (83) 9 9601-1162.<\/strong><\/p>\n<\/div>\n<\/div>\n","protected":false},"excerpt":{"rendered":"<p>Tr\u00eas pessoas foram presas em um apartamento que era usado para a fabrica\u00e7\u00e3o clandestina de anabolizantes, no in\u00edcio da noite deste s\u00e1bado (17), em Jo\u00e3o&hellip; <\/p>\n","protected":false},"author":2,"featured_media":44512,"comment_status":"closed","ping_status":"closed","sticky":false,"template":"","format":"standard","meta":{"sfsi_plus_gutenberg_text_before_share":"","sfsi_plus_gutenberg_show_text_before_share":"","sfsi_plus_gutenberg_icon_type":"","sfsi_plus_gutenberg_icon_alignemt":"","sfsi_plus_gutenburg_max_per_row":"","footnotes":""},"categories":[12],"tags":[],"class_list":["post-44511","post","type-post","status-publish","format-standard","has-post-thumbnail","hentry","category-policia"],"_links":{"self":[{"href":"https:\/\/www.caririemacao.com\/1\/wp-json\/wp\/v2\/posts\/44511","targetHints":{"allow":["GET"]}}],"collection":[{"href":"https:\/\/www.caririemacao.com\/1\/wp-json\/wp\/v2\/posts"}],"about":[{"href":"https:\/\/www.caririemacao.com\/1\/wp-json\/wp\/v2\/types\/post"}],"author":[{"embeddable":true,"href":"https:\/\/www.caririemacao.com\/1\/wp-json\/wp\/v2\/users\/2"}],"replies":[{"embeddable":true,"href":"https:\/\/www.caririemacao.com\/1\/wp-json\/wp\/v2\/comments?post=44511"}],"version-history":[{"count":0,"href":"https:\/\/www.caririemacao.com\/1\/wp-json\/wp\/v2\/posts\/44511\/revisions"}],"wp:featuredmedia":[{"embeddable":true,"href":"https:\/\/www.caririemacao.com\/1\/wp-json\/wp\/v2\/media\/44512"}],"wp:attachment":[{"href":"https:\/\/www.caririemacao.com\/1\/wp-json\/wp\/v2\/media?parent=44511"}],"wp:term":[{"taxonomy":"category","embeddable":true,"href":"https:\/\/www.caririemacao.com\/1\/wp-json\/wp\/v2\/categories?post=44511"},{"taxonomy":"post_tag","embeddable":true,"href":"https:\/\/www.caririemacao.com\/1\/wp-json\/wp\/v2\/tags?post=44511"}],"curies":[{"name":"wp","href":"https:\/\/api.w.org\/{rel}","templated":true}]}}