{"id":44514,"date":"2018-03-18T06:49:16","date_gmt":"2018-03-18T09:49:16","guid":{"rendered":"http:\/\/caririemacao.com\/1\/?p=44514"},"modified":"2018-03-18T06:49:16","modified_gmt":"2018-03-18T09:49:16","slug":"prefeitura-de-sao-sebastiao-do-umbuzeiro-reinstala-chafariz-do-barreiro-municipal","status":"publish","type":"post","link":"https:\/\/www.caririemacao.com\/1\/2018\/03\/18\/prefeitura-de-sao-sebastiao-do-umbuzeiro-reinstala-chafariz-do-barreiro-municipal\/","title":{"rendered":"Prefeitura de S\u00e3o Sebasti\u00e3o do Umbuzeiro reinstala chafariz do Barreiro municipal"},"content":{"rendered":"<p>A Prefeitura de S\u00e3o Sebasti\u00e3o do Umbuzeiro, atrav\u00e9s da Secretaria de Obras e Servi\u00e7os Urbanos, vem realizando a\u00e7\u00f5es para suprir a necessidade dos mun\u00edcipes, realizou no \u00faltimo s\u00e1bado (17), a reinstala\u00e7\u00e3o do chafariz do Barreiro da Prefeitura.<\/p>\n<p>No ano passado a prefeitura construiu um sistema adutor com a instala\u00e7\u00e3o de um chafariz no barreiro municipal, que favoreceu o acesso \u00e0 \u00e1gua atrav\u00e9s de torneiras em uma caixa, devido \u00e0 seca o reservat\u00f3rio mais antigo do munic\u00edpio secou, hoje a reinstala\u00e7\u00e3o foi poss\u00edvel gra\u00e7as \u00e0s chuvas que ca\u00edram nos \u00faltimos dias no munic\u00edpio.<\/p>\n<p>De acordo com o prefeito Adriano Wolff, com a instala\u00e7\u00e3o do chafariz melhorou muto a vida das fam\u00edlias umbuzeirenses. Com o sistema de distribui\u00e7\u00e3o, as pessoas n\u00e3o precisam mais ir at\u00e9 a beira do barreiro para pegar a \u00e1gua, pondo em risco a pr\u00f3pria vida, disse o prefeito.<\/p>\n<p><a href=\"http:\/\/caririemacao.com\/1\/?attachment_id=44516\" rel=\"attachment wp-att-44516\"><img fetchpriority=\"high\" decoding=\"async\" class=\"aligncenter size-full wp-image-44516\" src=\"http:\/\/caririemacao.com\/1\/wp-content\/uploads\/2018\/03\/20180317_092702.jpg\" alt=\"\" width=\"4160\" height=\"3120\" srcset=\"https:\/\/www.caririemacao.com\/1\/wp-content\/uploads\/2018\/03\/20180317_092702.jpg 4160w, https:\/\/www.caririemacao.com\/1\/wp-content\/uploads\/2018\/03\/20180317_092702-300x225.jpg 300w, https:\/\/www.caririemacao.com\/1\/wp-content\/uploads\/2018\/03\/20180317_092702-768x576.jpg 768w, https:\/\/www.caririemacao.com\/1\/wp-content\/uploads\/2018\/03\/20180317_092702-1024x768.jpg 1024w\" sizes=\"(max-width: 4160px) 100vw, 4160px\" \/><\/a> <a href=\"http:\/\/caririemacao.com\/1\/?attachment_id=44517\" rel=\"attachment wp-att-44517\"><img decoding=\"async\" class=\"aligncenter size-full wp-image-44517 lazyload\" data-src=\"http:\/\/caririemacao.com\/1\/wp-content\/uploads\/2018\/03\/20180317_092749.jpg\" alt=\"\" width=\"4160\" height=\"3120\" data-srcset=\"https:\/\/www.caririemacao.com\/1\/wp-content\/uploads\/2018\/03\/20180317_092749.jpg 4160w, https:\/\/www.caririemacao.com\/1\/wp-content\/uploads\/2018\/03\/20180317_092749-300x225.jpg 300w, https:\/\/www.caririemacao.com\/1\/wp-content\/uploads\/2018\/03\/20180317_092749-768x576.jpg 768w, https:\/\/www.caririemacao.com\/1\/wp-content\/uploads\/2018\/03\/20180317_092749-1024x768.jpg 1024w\" data-sizes=\"(max-width: 4160px) 100vw, 4160px\" src=\"data:image\/svg+xml;base64,PHN2ZyB3aWR0aD0iMSIgaGVpZ2h0PSIxIiB4bWxucz0iaHR0cDovL3d3dy53My5vcmcvMjAwMC9zdmciPjwvc3ZnPg==\" style=\"--smush-placeholder-width: 4160px; --smush-placeholder-aspect-ratio: 4160\/3120;\" \/><\/a><\/p>\n<div class=\"mc-column content-text active-extra-styles \" data-block-type=\"unstyled\" data-block-weight=\"35\" data-block-id=\"17\">\n<p><strong>CARIRI EM A\u00c7\u00c3O<\/strong><\/p>\n<p><em>Com Blog do Didi\/Foto:\u00a0Blog do Didi<\/em><\/p>\n<p><strong>Leia mais not\u00edcias em\u00a0<\/strong><a href=\"http:\/\/www.caririemacao.com\/\"><strong>caririemacao.com<\/strong><\/a><strong>, siga nossa p\u00e1gina no\u00a0<\/strong><a href=\"https:\/\/www.facebook.com\/CaririEmAcao\/?ref=aymt_homepage_panel\"><strong>Facebook<\/strong><\/a>,<strong>\u00a0<\/strong><a href=\"https:\/\/www.instagram.com\/cariri_em_acao\/?hl=pt-br\"><strong>Instagram<\/strong><\/a><strong>\u00a0e\u00a0<\/strong><a href=\"https:\/\/www.youtube.com\/channel\/UCAptA0jQuYQy8vMhLt2m4qg\"><strong>Youtube<\/strong><\/a><strong>\u00a0e veja nossas mat\u00e9rias, v\u00eddeos e fotos. Voc\u00ea tamb\u00e9m pode enviar informa\u00e7\u00f5es \u00e0 Reda\u00e7\u00e3o do Portal Cariri em A\u00e7\u00e3o pelo WhatsApp (83) 9 9634.5791, (83) 9 9601-1162.<\/strong><\/p>\n<\/div>\n","protected":false},"excerpt":{"rendered":"<p>A Prefeitura de S\u00e3o Sebasti\u00e3o do Umbuzeiro, atrav\u00e9s da Secretaria de Obras e Servi\u00e7os Urbanos, vem realizando a\u00e7\u00f5es para suprir a necessidade dos mun\u00edcipes, realizou&hellip; <\/p>\n","protected":false},"author":2,"featured_media":44515,"comment_status":"closed","ping_status":"closed","sticky":false,"template":"","format":"standard","meta":{"sfsi_plus_gutenberg_text_before_share":"","sfsi_plus_gutenberg_show_text_before_share":"","sfsi_plus_gutenberg_icon_type":"","sfsi_plus_gutenberg_icon_alignemt":"","sfsi_plus_gutenburg_max_per_row":"","footnotes":""},"categories":[6],"tags":[],"class_list":["post-44514","post","type-post","status-publish","format-standard","has-post-thumbnail","hentry","category-cidades"],"_links":{"self":[{"href":"https:\/\/www.caririemacao.com\/1\/wp-json\/wp\/v2\/posts\/44514","targetHints":{"allow":["GET"]}}],"collection":[{"href":"https:\/\/www.caririemacao.com\/1\/wp-json\/wp\/v2\/posts"}],"about":[{"href":"https:\/\/www.caririemacao.com\/1\/wp-json\/wp\/v2\/types\/post"}],"author":[{"embeddable":true,"href":"https:\/\/www.caririemacao.com\/1\/wp-json\/wp\/v2\/users\/2"}],"replies":[{"embeddable":true,"href":"https:\/\/www.caririemacao.com\/1\/wp-json\/wp\/v2\/comments?post=44514"}],"version-history":[{"count":0,"href":"https:\/\/www.caririemacao.com\/1\/wp-json\/wp\/v2\/posts\/44514\/revisions"}],"wp:featuredmedia":[{"embeddable":true,"href":"https:\/\/www.caririemacao.com\/1\/wp-json\/wp\/v2\/media\/44515"}],"wp:attachment":[{"href":"https:\/\/www.caririemacao.com\/1\/wp-json\/wp\/v2\/media?parent=44514"}],"wp:term":[{"taxonomy":"category","embeddable":true,"href":"https:\/\/www.caririemacao.com\/1\/wp-json\/wp\/v2\/categories?post=44514"},{"taxonomy":"post_tag","embeddable":true,"href":"https:\/\/www.caririemacao.com\/1\/wp-json\/wp\/v2\/tags?post=44514"}],"curies":[{"name":"wp","href":"https:\/\/api.w.org\/{rel}","templated":true}]}}