{"id":44519,"date":"2018-03-18T06:51:18","date_gmt":"2018-03-18T09:51:18","guid":{"rendered":"http:\/\/caririemacao.com\/1\/?p=44519"},"modified":"2018-03-18T06:51:18","modified_gmt":"2018-03-18T09:51:18","slug":"prefeitura-de-camalau-adquire-carro-para-a-saude-com-recursos-proprios","status":"publish","type":"post","link":"https:\/\/www.caririemacao.com\/1\/2018\/03\/18\/prefeitura-de-camalau-adquire-carro-para-a-saude-com-recursos-proprios\/","title":{"rendered":"Prefeitura de Camala\u00fa adquire carro para a sa\u00fade com recursos pr\u00f3prios"},"content":{"rendered":"<p style=\"font-weight: 400;\">O prefeito de Camala\u00fa Sandro M\u00f4co garantiu mais uma importante aquisi\u00e7\u00e3o para a frota de ve\u00edculos e para os servi\u00e7os da \u00e1rea da sa\u00fade no munic\u00edpio.<\/p>\n<p style=\"font-weight: 400;\">O munic\u00edpio adquiriu um veiculo, no valor de aproximadamente 42 mil reais que ficar\u00e1 \u00e0 disposi\u00e7\u00e3o dos servi\u00e7os da secretaria municipal de sa\u00fade , para melhor atender a popula\u00e7\u00e3o.<\/p>\n<p style=\"font-weight: 400;\">O ve\u00edculo foi adquirido com recursos pr\u00f3prios oriundos do leil\u00e3o realizado no munic\u00edpio, com as vendas da S10, da grade e do trator, e com uma parcela da dota\u00e7\u00e3o or\u00e7ament\u00e1ria da administra\u00e7\u00e3o municipal.<\/p>\n<p style=\"font-weight: 400;\">Por ter sido adquirido com parcela de dota\u00e7\u00e3o da administra\u00e7\u00e3o, o ve\u00edculo poder\u00e1 servir tamb\u00e9m \u00e0 outros setores, apesar de ficar \u00e0 disposi\u00e7\u00e3o da sa\u00fade.<\/p>\n<p style=\"font-weight: 400;\">\u201c\u00c9 mais uma grande aquisi\u00e7\u00e3o, e vamos trabalhar cada vez mais, para desta forma podermos ajudar a popula\u00e7\u00e3o. Poder\u00edamos ter realizado esta a\u00e7\u00e3o antes, mas devido \u00e0 problemas que s\u00e3o de conhecimento de todos em Camala\u00fa, o benef\u00edcio ainda n\u00e3o podia ter sido concretizado\u201d, disse o prefeito Sandro M\u00f4co.<\/p>\n<p style=\"font-weight: 400;\">\u201cAgora sim. Est\u00e1 ai. O carro foi comprado com o dinheiro do povo e vai servir ao povo que tanto precisava\u201d, completou o prefeito.<\/p>\n<p><a href=\"http:\/\/caririemacao.com\/1\/?attachment_id=44521\" rel=\"attachment wp-att-44521\"><img fetchpriority=\"high\" decoding=\"async\" class=\"aligncenter size-full wp-image-44521\" src=\"http:\/\/caririemacao.com\/1\/wp-content\/uploads\/2018\/03\/z.jpg\" alt=\"\" width=\"400\" height=\"300\" srcset=\"https:\/\/www.caririemacao.com\/1\/wp-content\/uploads\/2018\/03\/z.jpg 400w, https:\/\/www.caririemacao.com\/1\/wp-content\/uploads\/2018\/03\/z-300x225.jpg 300w\" sizes=\"(max-width: 400px) 100vw, 400px\" \/><\/a><\/p>\n<div class=\"mc-column content-text active-extra-styles \" data-block-type=\"unstyled\" data-block-weight=\"35\" data-block-id=\"17\">\n<p><strong>CARIRI EM A\u00c7\u00c3O<\/strong><\/p>\n<p><em>Com Tribuna do Cariri\/Foto:\u00a0Tribuna do Cariri<\/em><\/p>\n<p><strong>Leia mais not\u00edcias em\u00a0<\/strong><a href=\"http:\/\/www.caririemacao.com\/\"><strong>caririemacao.com<\/strong><\/a><strong>, siga nossa p\u00e1gina no\u00a0<\/strong><a href=\"https:\/\/www.facebook.com\/CaririEmAcao\/?ref=aymt_homepage_panel\"><strong>Facebook<\/strong><\/a>,<strong>\u00a0<\/strong><a href=\"https:\/\/www.instagram.com\/cariri_em_acao\/?hl=pt-br\"><strong>Instagram<\/strong><\/a><strong>\u00a0e\u00a0<\/strong><a href=\"https:\/\/www.youtube.com\/channel\/UCAptA0jQuYQy8vMhLt2m4qg\"><strong>Youtube<\/strong><\/a><strong>\u00a0e veja nossas mat\u00e9rias, v\u00eddeos e fotos. Voc\u00ea tamb\u00e9m pode enviar informa\u00e7\u00f5es \u00e0 Reda\u00e7\u00e3o do Portal Cariri em A\u00e7\u00e3o pelo WhatsApp (83) 9 9634.5791, (83) 9 9601-1162.<\/strong><\/p>\n<\/div>\n","protected":false},"excerpt":{"rendered":"<p>O prefeito de Camala\u00fa Sandro M\u00f4co garantiu mais uma importante aquisi\u00e7\u00e3o para a frota de ve\u00edculos e para os servi\u00e7os da \u00e1rea da sa\u00fade no&hellip; <\/p>\n","protected":false},"author":2,"featured_media":44520,"comment_status":"closed","ping_status":"closed","sticky":false,"template":"","format":"standard","meta":{"sfsi_plus_gutenberg_text_before_share":"","sfsi_plus_gutenberg_show_text_before_share":"","sfsi_plus_gutenberg_icon_type":"","sfsi_plus_gutenberg_icon_alignemt":"","sfsi_plus_gutenburg_max_per_row":"","footnotes":""},"categories":[6],"tags":[],"class_list":["post-44519","post","type-post","status-publish","format-standard","has-post-thumbnail","hentry","category-cidades"],"_links":{"self":[{"href":"https:\/\/www.caririemacao.com\/1\/wp-json\/wp\/v2\/posts\/44519","targetHints":{"allow":["GET"]}}],"collection":[{"href":"https:\/\/www.caririemacao.com\/1\/wp-json\/wp\/v2\/posts"}],"about":[{"href":"https:\/\/www.caririemacao.com\/1\/wp-json\/wp\/v2\/types\/post"}],"author":[{"embeddable":true,"href":"https:\/\/www.caririemacao.com\/1\/wp-json\/wp\/v2\/users\/2"}],"replies":[{"embeddable":true,"href":"https:\/\/www.caririemacao.com\/1\/wp-json\/wp\/v2\/comments?post=44519"}],"version-history":[{"count":0,"href":"https:\/\/www.caririemacao.com\/1\/wp-json\/wp\/v2\/posts\/44519\/revisions"}],"wp:featuredmedia":[{"embeddable":true,"href":"https:\/\/www.caririemacao.com\/1\/wp-json\/wp\/v2\/media\/44520"}],"wp:attachment":[{"href":"https:\/\/www.caririemacao.com\/1\/wp-json\/wp\/v2\/media?parent=44519"}],"wp:term":[{"taxonomy":"category","embeddable":true,"href":"https:\/\/www.caririemacao.com\/1\/wp-json\/wp\/v2\/categories?post=44519"},{"taxonomy":"post_tag","embeddable":true,"href":"https:\/\/www.caririemacao.com\/1\/wp-json\/wp\/v2\/tags?post=44519"}],"curies":[{"name":"wp","href":"https:\/\/api.w.org\/{rel}","templated":true}]}}