{"id":44523,"date":"2018-03-18T06:57:47","date_gmt":"2018-03-18T09:57:47","guid":{"rendered":"http:\/\/caririemacao.com\/1\/?p=44523"},"modified":"2018-03-18T06:57:47","modified_gmt":"2018-03-18T09:57:47","slug":"festa-do-jegue-inicia-inscricao-para-vendedores-de-comida-e-bebida","status":"publish","type":"post","link":"https:\/\/www.caririemacao.com\/1\/2018\/03\/18\/festa-do-jegue-inicia-inscricao-para-vendedores-de-comida-e-bebida\/","title":{"rendered":"Festa do Jegue inicia inscri\u00e7\u00e3o para vendedores de comida e bebida"},"content":{"rendered":"<article>S\u00e3o 25 vagas para comercializa\u00e7\u00e3o de diversos produtos. Inscri\u00e7\u00f5es v\u00e3o at\u00e9 23 de mar\u00e7o e o sorteio vai ser no dia 29 de mar\u00e7o. A 18\u00aa Festa do Jegue acontece entre 28 a 29 de abril.<\/article>\n<article>\n<div class=\"contentPost\">\n<p>As inscri\u00e7\u00f5es para as barracas da Festa de emancipa\u00e7\u00e3o pol\u00edtica come\u00e7am nesta segunda-feira (19).<\/p>\n<p>Os interessados devem fazer, pessoalmente, a inscri\u00e7\u00e3o na Prefeitura Municipal at\u00e9 o dia 23 de mar\u00e7o, das 08h \u00e0s 13 horas, localizada na R. Jos\u00e9 Vaz Medeiros, Zabel\u00ea \u2013 PB.<\/p>\n<p><strong>No ato da inscri\u00e7\u00e3o, os candidatos devem levar documentos originais e c\u00f3pias simples de:<\/strong><\/p>\n<p>\u2013 CPF,<\/p>\n<p>\u2013 Documento de identidade com foto,<\/p>\n<p>\u2013 Declara\u00e7\u00e3o indicando quais produtos que ser\u00e3o comercializados e requerimento padr\u00e3o preenchido, que pode ser retirado no site da Prefeitura ou no ato da inscri\u00e7\u00e3o.<\/p>\n<p><strong>An\u00fancio<\/strong><\/p>\n<p>Das 25 vagas, ser\u00e3o 10 para a vendedores de bebidas alco\u00f3licas, e 15 s\u00e3o para lanches, localizadas na pra\u00e7a de alimenta\u00e7\u00e3o.<\/p>\n<p>As vagas para barracas de lanches acontece por ordem de chegada e preenchimento das inscri\u00e7\u00f5es, a vaga fica garantida mediante a pagamento da taxa. O sorteio dos inscritos para barracas de bebidas alco\u00f3licas ocorre no dia 29 de mar\u00e7o, \u00e0s 09:00 horas, na sede da Prefeitura Municipal.<\/p>\n<div class=\"mc-column content-text active-extra-styles \" data-block-type=\"unstyled\" data-block-weight=\"35\" data-block-id=\"17\">\n<p><strong>CARIRI EM A\u00c7\u00c3O<\/strong><\/p>\n<p><em>Com Cariri Ligado<\/em><\/p>\n<p><strong>Leia mais not\u00edcias em\u00a0<\/strong><a href=\"http:\/\/www.caririemacao.com\/\"><strong>caririemacao.com<\/strong><\/a><strong>, siga nossa p\u00e1gina no\u00a0<\/strong><a href=\"https:\/\/www.facebook.com\/CaririEmAcao\/?ref=aymt_homepage_panel\"><strong>Facebook<\/strong><\/a>,<strong>\u00a0<\/strong><a href=\"https:\/\/www.instagram.com\/cariri_em_acao\/?hl=pt-br\"><strong>Instagram<\/strong><\/a><strong>\u00a0e\u00a0<\/strong><a href=\"https:\/\/www.youtube.com\/channel\/UCAptA0jQuYQy8vMhLt2m4qg\"><strong>Youtube<\/strong><\/a><strong>\u00a0e veja nossas mat\u00e9rias, v\u00eddeos e fotos. Voc\u00ea tamb\u00e9m pode enviar informa\u00e7\u00f5es \u00e0 Reda\u00e7\u00e3o do Portal Cariri em A\u00e7\u00e3o pelo WhatsApp (83) 9 9634.5791, (83) 9 9601-1162.<\/strong><\/p>\n<\/div>\n<\/div>\n<\/article>\n","protected":false},"excerpt":{"rendered":"<p>S\u00e3o 25 vagas para comercializa\u00e7\u00e3o de diversos produtos. Inscri\u00e7\u00f5es v\u00e3o at\u00e9 23 de mar\u00e7o e o sorteio vai ser no dia 29 de mar\u00e7o. A&hellip; <\/p>\n","protected":false},"author":2,"featured_media":29116,"comment_status":"closed","ping_status":"closed","sticky":false,"template":"","format":"standard","meta":{"sfsi_plus_gutenberg_text_before_share":"","sfsi_plus_gutenberg_show_text_before_share":"","sfsi_plus_gutenberg_icon_type":"","sfsi_plus_gutenberg_icon_alignemt":"","sfsi_plus_gutenburg_max_per_row":"","footnotes":""},"categories":[6],"tags":[],"class_list":["post-44523","post","type-post","status-publish","format-standard","has-post-thumbnail","hentry","category-cidades"],"_links":{"self":[{"href":"https:\/\/www.caririemacao.com\/1\/wp-json\/wp\/v2\/posts\/44523","targetHints":{"allow":["GET"]}}],"collection":[{"href":"https:\/\/www.caririemacao.com\/1\/wp-json\/wp\/v2\/posts"}],"about":[{"href":"https:\/\/www.caririemacao.com\/1\/wp-json\/wp\/v2\/types\/post"}],"author":[{"embeddable":true,"href":"https:\/\/www.caririemacao.com\/1\/wp-json\/wp\/v2\/users\/2"}],"replies":[{"embeddable":true,"href":"https:\/\/www.caririemacao.com\/1\/wp-json\/wp\/v2\/comments?post=44523"}],"version-history":[{"count":0,"href":"https:\/\/www.caririemacao.com\/1\/wp-json\/wp\/v2\/posts\/44523\/revisions"}],"wp:featuredmedia":[{"embeddable":true,"href":"https:\/\/www.caririemacao.com\/1\/wp-json\/wp\/v2\/media\/29116"}],"wp:attachment":[{"href":"https:\/\/www.caririemacao.com\/1\/wp-json\/wp\/v2\/media?parent=44523"}],"wp:term":[{"taxonomy":"category","embeddable":true,"href":"https:\/\/www.caririemacao.com\/1\/wp-json\/wp\/v2\/categories?post=44523"},{"taxonomy":"post_tag","embeddable":true,"href":"https:\/\/www.caririemacao.com\/1\/wp-json\/wp\/v2\/tags?post=44523"}],"curies":[{"name":"wp","href":"https:\/\/api.w.org\/{rel}","templated":true}]}}