{"id":44529,"date":"2018-03-18T07:06:49","date_gmt":"2018-03-18T10:06:49","guid":{"rendered":"http:\/\/caririemacao.com\/1\/?p=44529"},"modified":"2018-03-18T07:06:49","modified_gmt":"2018-03-18T10:06:49","slug":"ufcg-realiza-curso-de-sindicancia-e-processo-administrativo-disciplinar-para-servidores","status":"publish","type":"post","link":"https:\/\/www.caririemacao.com\/1\/2018\/03\/18\/ufcg-realiza-curso-de-sindicancia-e-processo-administrativo-disciplinar-para-servidores\/","title":{"rendered":"UFCG realiza curso de Sindic\u00e2ncia e Processo Administrativo Disciplinar para servidores"},"content":{"rendered":"<p align=\"left\">Com o objetivo de\u00a0capacitar servidores\u00a0da Universidade Federal de Campina Grande (UFCG)\u00a0para atuarem na instru\u00e7\u00e3o,\u00a0processamento e julgamento de\u00a0sindic\u00e2ncias e\u00a0processos\u00a0disciplinares, a\u00a0Pr\u00f3-Reitoria de Gest\u00e3o Administrativo-Financeira (PRA) ir\u00e1 realizar, entre os PR\u00d3XIMOS dias 21 e 22 de mar\u00e7o, o curso<i>\u00a0Sindic\u00e2ncia e Processo Administrativo Disciplinar<\/i>,\u00a0a ser ministrado pelo\u00a0procurador\u00a0federal\u00a0Jezihel Pena Lima. O curso ser\u00e1 realizado no\u00a0audit\u00f3rio do Centro de Extens\u00e3o Jos\u00e9 Farias N\u00f3brega\u00a0e ter\u00e1\u00a0carga hor\u00e1ria de 16\u00a0horas\/aula.<\/p>\n<p align=\"left\">Para participar, os interessados devem enviar um e-mail para\u00a0<span id=\"cloak4263edbb4fb411f07b8c74fbe3bb5d15\"><\/span>pra@reitoria.ufcg.edu.br, informando nome e matr\u00edcula SIAPE, at\u00e9 o dia 19 de mar\u00e7o. Est\u00e3o sendo disponibilizadas 180 vagas para servidores dos sete\u00a0<em>campi\u00a0<\/em>da UFCG (Campina Grande, Patos, Pombal, Sousa, Cajazeiras, Cuit\u00e9 e Sum\u00e9).<\/p>\n<p align=\"left\">Mais informa\u00e7\u00f5es podem ser obtidas pelo telefone (83) 2101.1187.<\/p>\n<p><strong>CARIRI EM A\u00c7\u00c3O<\/strong><\/p>\n<p><em>Com Ascom UFCG\/Foto: Reprodu\u00e7\u00e3o google<\/em><\/p>\n<p><strong>Leia mais not\u00edcias em\u00a0<\/strong><a href=\"http:\/\/www.caririemacao.com\/\"><strong>caririemacao.com<\/strong><\/a><strong>, siga nossa p\u00e1gina no\u00a0<\/strong><a href=\"https:\/\/www.facebook.com\/CaririEmAcao\/?ref=aymt_homepage_panel\"><strong>Facebook<\/strong><\/a>,<strong>\u00a0<\/strong><a href=\"https:\/\/www.instagram.com\/cariri_em_acao\/?hl=pt-br\"><strong>Instagram<\/strong><\/a><strong>\u00a0e\u00a0<\/strong><a href=\"https:\/\/www.youtube.com\/channel\/UCAptA0jQuYQy8vMhLt2m4qg\"><strong>Youtube<\/strong><\/a><strong>\u00a0e veja nossas mat\u00e9rias, v\u00eddeos e fotos. Voc\u00ea tamb\u00e9m pode enviar informa\u00e7\u00f5es \u00e0 Reda\u00e7\u00e3o do Portal Cariri em A\u00e7\u00e3o pelo WhatsApp (83) 9 9634.5791, (83) 9 9601-1162.<\/strong><\/p>\n","protected":false},"excerpt":{"rendered":"<p>Com o objetivo de\u00a0capacitar servidores\u00a0da Universidade Federal de Campina Grande (UFCG)\u00a0para atuarem na instru\u00e7\u00e3o,\u00a0processamento e julgamento de\u00a0sindic\u00e2ncias e\u00a0processos\u00a0disciplinares, a\u00a0Pr\u00f3-Reitoria de Gest\u00e3o Administrativo-Financeira (PRA) ir\u00e1 realizar,&hellip; <\/p>\n","protected":false},"author":2,"featured_media":44530,"comment_status":"closed","ping_status":"closed","sticky":false,"template":"","format":"standard","meta":{"sfsi_plus_gutenberg_text_before_share":"","sfsi_plus_gutenberg_show_text_before_share":"","sfsi_plus_gutenberg_icon_type":"","sfsi_plus_gutenberg_icon_alignemt":"","sfsi_plus_gutenburg_max_per_row":"","footnotes":""},"categories":[2],"tags":[],"class_list":["post-44529","post","type-post","status-publish","format-standard","has-post-thumbnail","hentry","category-geral"],"_links":{"self":[{"href":"https:\/\/www.caririemacao.com\/1\/wp-json\/wp\/v2\/posts\/44529","targetHints":{"allow":["GET"]}}],"collection":[{"href":"https:\/\/www.caririemacao.com\/1\/wp-json\/wp\/v2\/posts"}],"about":[{"href":"https:\/\/www.caririemacao.com\/1\/wp-json\/wp\/v2\/types\/post"}],"author":[{"embeddable":true,"href":"https:\/\/www.caririemacao.com\/1\/wp-json\/wp\/v2\/users\/2"}],"replies":[{"embeddable":true,"href":"https:\/\/www.caririemacao.com\/1\/wp-json\/wp\/v2\/comments?post=44529"}],"version-history":[{"count":0,"href":"https:\/\/www.caririemacao.com\/1\/wp-json\/wp\/v2\/posts\/44529\/revisions"}],"wp:featuredmedia":[{"embeddable":true,"href":"https:\/\/www.caririemacao.com\/1\/wp-json\/wp\/v2\/media\/44530"}],"wp:attachment":[{"href":"https:\/\/www.caririemacao.com\/1\/wp-json\/wp\/v2\/media?parent=44529"}],"wp:term":[{"taxonomy":"category","embeddable":true,"href":"https:\/\/www.caririemacao.com\/1\/wp-json\/wp\/v2\/categories?post=44529"},{"taxonomy":"post_tag","embeddable":true,"href":"https:\/\/www.caririemacao.com\/1\/wp-json\/wp\/v2\/tags?post=44529"}],"curies":[{"name":"wp","href":"https:\/\/api.w.org\/{rel}","templated":true}]}}