{"id":44533,"date":"2018-03-18T07:11:03","date_gmt":"2018-03-18T10:11:03","guid":{"rendered":"http:\/\/caririemacao.com\/1\/?p=44533"},"modified":"2018-03-18T08:16:45","modified_gmt":"2018-03-18T11:16:45","slug":"ministerio-vai-revogar-regra-que-exigia-curso-para-renovar-cnh","status":"publish","type":"post","link":"https:\/\/www.caririemacao.com\/1\/2018\/03\/18\/ministerio-vai-revogar-regra-que-exigia-curso-para-renovar-cnh\/","title":{"rendered":"Cancelada resolu\u00e7\u00e3o que exigia curso para renovar CNH"},"content":{"rendered":"<p>O\u00a0ministro das Cidades,\u00a0Alexandre Baldy\u00a0(Podemos), determinou a revoga\u00e7\u00e3o da resolu\u00e7\u00e3o do\u00a0Conselho Nacional de Tr\u00e2nsito (Contran), que tornava obrigat\u00f3ria a realiza\u00e7\u00e3o e aprova\u00e7\u00e3o em curso de aperfei\u00e7oamento para renova\u00e7\u00e3o da\u00a0carteira nacional de habilita\u00e7\u00e3o. A revoga\u00e7\u00e3o acontece na pr\u00f3xima segunda-feira, 19.<\/p>\n<p>A decis\u00e3o para cancelar a resolu\u00e7\u00e3o 726\/2018 foi encaminhada ao diretor do\u00a0Departamento Nacional de Tr\u00e2nsito (Denatran)\u00a0e ao presidente do Contran,\u00a0Maur\u00edcio Alves. Por meio de nota, o\u00a0Minist\u00e9rio das Cidades\u00a0informou que \u201ca diretriz da atual gest\u00e3o da pasta tem por objetivo implementar a\u00e7\u00f5es e legisla\u00e7\u00f5es que atendam \u00e0s expectativas da popula\u00e7\u00e3o\u201d, mas com o prop\u00f3sito de \u201creduzir custos e facilitar a vida do brasileiro\u201d.<\/p>\n<p>A obriga\u00e7\u00e3o de se realizar cursos n\u00e3o s\u00f3 implicaria em processos burocr\u00e1ticos para o cidad\u00e3o, mas tamb\u00e9m em custos adicionais. \u201cInforma-se que os t\u00e9cnicos do Denatran, do Minist\u00e9rio das Cidades, seguir\u00e3o na busca de alcan\u00e7ar o objetivo de promover cada vez mais a seguran\u00e7a no tr\u00e2nsito, mas sempre com absoluto foco na simplifica\u00e7\u00e3o da vida dos brasileiros e na constante busca pela redu\u00e7\u00e3o de custos, de forma a n\u00e3o afetar a rotina dos condutores que precisam renovar suas carteiras de habilita\u00e7\u00e3o por todo o Brasil\u201d, declarou Baldy.<\/p>\n<p>Nesta sexta, o\u00a0presidente do Contran havia afirmado que o curso de renova\u00e7\u00e3o da CNH seria gratuito, sem despesas para os motoristas. \u201cCom o intuito de proteger o condutor de uma onerosidade no processo de forma\u00e7\u00e3o, sem, contudo, abrir m\u00e3o da qualidade educativa, estamos fomentando junto ao Denatran e aos Detrans do pa\u00eds o oferecimento gratuito do Curso de Aperfei\u00e7oamento para Renova\u00e7\u00e3o da CNH, tanto na plataforma EAD, quando na modalidade presencial, a ser regulamentado dentro do prazo de 90 dias que a Resolu\u00e7\u00e3o tem para entrada em vigor\u201d. A resolu\u00e7\u00e3o previa que, a partir de junho,\u00a0a partir de junho,todos os condutores habilitados nas categorias A e\/ou B deveriam participar de curso te\u00f3rico de 10 horas\/aula em dire\u00e7\u00e3o e realizar prova te\u00f3rica, al\u00e9m dos exames m\u00e9dicos, para renovarem suas carteiras de habilita\u00e7\u00e3o.<\/p>\n<p>&nbsp;<\/p>\n<p><strong>CARIRI EM A\u00c7\u00c3O<\/strong><\/p>\n<p><em>Com Estad\u00e3o\/Foto: Reprodu\u00e7\u00e3o google<\/em><\/p>\n<p><strong>Leia mais not\u00edcias em\u00a0<\/strong><a href=\"http:\/\/www.caririemacao.com\/\"><strong>caririemacao.com<\/strong><\/a><strong>, siga nossa p\u00e1gina no\u00a0<\/strong><a href=\"https:\/\/www.facebook.com\/CaririEmAcao\/?ref=aymt_homepage_panel\"><strong>Facebook<\/strong><\/a>,<strong>\u00a0<\/strong><a href=\"https:\/\/www.instagram.com\/cariri_em_acao\/?hl=pt-br\"><strong>Instagram<\/strong><\/a><strong>\u00a0e\u00a0<\/strong><a href=\"https:\/\/www.youtube.com\/channel\/UCAptA0jQuYQy8vMhLt2m4qg\"><strong>Youtube<\/strong><\/a><strong>\u00a0e veja nossas mat\u00e9rias, v\u00eddeos e fotos. Voc\u00ea tamb\u00e9m pode enviar informa\u00e7\u00f5es \u00e0 Reda\u00e7\u00e3o do Portal Cariri em A\u00e7\u00e3o pelo WhatsApp (83) 9 9634.5791, (83) 9 9601-1162.<\/strong><\/p>\n","protected":false},"excerpt":{"rendered":"<p>O\u00a0ministro das Cidades,\u00a0Alexandre Baldy\u00a0(Podemos), determinou a revoga\u00e7\u00e3o da resolu\u00e7\u00e3o do\u00a0Conselho Nacional de Tr\u00e2nsito (Contran), que tornava obrigat\u00f3ria a realiza\u00e7\u00e3o e aprova\u00e7\u00e3o em curso de aperfei\u00e7oamento&hellip; <\/p>\n","protected":false},"author":2,"featured_media":44575,"comment_status":"closed","ping_status":"closed","sticky":false,"template":"","format":"standard","meta":{"sfsi_plus_gutenberg_text_before_share":"","sfsi_plus_gutenberg_show_text_before_share":"","sfsi_plus_gutenberg_icon_type":"","sfsi_plus_gutenberg_icon_alignemt":"","sfsi_plus_gutenburg_max_per_row":"","footnotes":""},"categories":[2],"tags":[],"class_list":["post-44533","post","type-post","status-publish","format-standard","has-post-thumbnail","hentry","category-geral"],"_links":{"self":[{"href":"https:\/\/www.caririemacao.com\/1\/wp-json\/wp\/v2\/posts\/44533","targetHints":{"allow":["GET"]}}],"collection":[{"href":"https:\/\/www.caririemacao.com\/1\/wp-json\/wp\/v2\/posts"}],"about":[{"href":"https:\/\/www.caririemacao.com\/1\/wp-json\/wp\/v2\/types\/post"}],"author":[{"embeddable":true,"href":"https:\/\/www.caririemacao.com\/1\/wp-json\/wp\/v2\/users\/2"}],"replies":[{"embeddable":true,"href":"https:\/\/www.caririemacao.com\/1\/wp-json\/wp\/v2\/comments?post=44533"}],"version-history":[{"count":0,"href":"https:\/\/www.caririemacao.com\/1\/wp-json\/wp\/v2\/posts\/44533\/revisions"}],"wp:featuredmedia":[{"embeddable":true,"href":"https:\/\/www.caririemacao.com\/1\/wp-json\/wp\/v2\/media\/44575"}],"wp:attachment":[{"href":"https:\/\/www.caririemacao.com\/1\/wp-json\/wp\/v2\/media?parent=44533"}],"wp:term":[{"taxonomy":"category","embeddable":true,"href":"https:\/\/www.caririemacao.com\/1\/wp-json\/wp\/v2\/categories?post=44533"},{"taxonomy":"post_tag","embeddable":true,"href":"https:\/\/www.caririemacao.com\/1\/wp-json\/wp\/v2\/tags?post=44533"}],"curies":[{"name":"wp","href":"https:\/\/api.w.org\/{rel}","templated":true}]}}