{"id":44536,"date":"2018-03-18T06:16:21","date_gmt":"2018-03-18T09:16:21","guid":{"rendered":"http:\/\/caririemacao.com\/1\/?p=44536"},"modified":"2018-03-18T08:28:00","modified_gmt":"2018-03-18T11:28:00","slug":"professor-paraibano-usa-poesia-para-ensinar-legislacao-de-transito","status":"publish","type":"post","link":"https:\/\/www.caririemacao.com\/1\/2018\/03\/18\/professor-paraibano-usa-poesia-para-ensinar-legislacao-de-transito\/","title":{"rendered":"Professor paraibano usa poesia para ensinar legisla\u00e7\u00e3o de tr\u00e2nsito"},"content":{"rendered":"<p>O professor Jos\u00e9 Carlos Santos Filho adotou uma metodologia diferenciada para ensinar legisla\u00e7\u00e3o de tr\u00e2nsito e facilitar a absor\u00e7\u00e3o de conhecimento em alunos de uma autoescola em Monteiro, no Cariri paraibano: o uso de poesia. V\u00eddeos das aulas foram compartilhados nas redes sociais pelos aspirantes a motorista, que aprovaram a inova\u00e7\u00e3o.<\/p>\n<p>Jos\u00e9 Carlos explicou que decidiu inovar ao perceber que muitos alunos tinham rotinas exaustivas de trabalho. O objetivo \u00e9 tentar \u201cprender\u201d a aten\u00e7\u00e3o deles na aula. O m\u00e9todo deu certo e empolga a quem acompanha.<\/p>\n<p>Ele foi agente de tr\u00e2nsito na Superintend\u00eancia de Mobilidade Urbana de Jo\u00e3o Pessoa por oito anos e ao ser aprovado em concurso para Justi\u00e7a Federal foi designado para atuar na cidade de Monteiro. O convite para dar aulas em autoescola ocorreu recentemente. \u201cResgatei a primeira parte de uma poesia e naquele mesmo dia fiz a segunda parte, recitei para os alunos e todos gostaram\u201d, explicou.<\/p>\n<p>No processo para retirar a Carteira Nacional de Habilita\u00e7\u00e3o s\u00e3o necess\u00e1rias 40 horas, distribu\u00eddas em cinco horas di\u00e1rias de aula por oito dias. \u201cO assunto \u00e9 muito pesado para o tempo, ent\u00e3o a gente tem que fazer de tudo para ter a aten\u00e7\u00e3o dos alunos: versos de cordel, causos do dia a dia, conta\u00e7\u00e3o de hist\u00f3rias. Tudo dentro do tema para que eles assimilem, absorvam e se mantenham atentos ao que est\u00e1 sendo ensinado\u201d, afirmou.<\/p>\n<p>Segundo ele, os resultados s\u00e3o percept\u00edveis. \u201cQuando a aten\u00e7\u00e3o est\u00e1 caindo, o cansa\u00e7o est\u00e1 batendo, a gente conta uma hist\u00f3ria e a\u00ed a gente retoma a aten\u00e7\u00e3o da turma\u201d, arrematou.<\/p>\n<p><a href=\"http:\/\/caririemacao.com\/1\/?attachment_id=44557\" rel=\"attachment wp-att-44557\"><img fetchpriority=\"high\" decoding=\"async\" class=\"aligncenter size-full wp-image-44557\" src=\"http:\/\/caririemacao.com\/1\/wp-content\/uploads\/2018\/03\/d11e4976-ce59-4910-be33-e3e109de6641-300x169-1.jpg\" alt=\"\" width=\"300\" height=\"169\" \/><\/a><\/p>\n<p><strong>CARIRI EM A\u00c7\u00c3O<\/strong><\/p>\n<p><em>Com Mais PB\/Foto:\u00a0Mais PB<\/em><\/p>\n<p><strong>Leia mais not\u00edcias em\u00a0<\/strong><a href=\"http:\/\/www.caririemacao.com\/\"><strong>caririemacao.com<\/strong><\/a><strong>, siga nossa p\u00e1gina no\u00a0<\/strong><a href=\"https:\/\/www.facebook.com\/CaririEmAcao\/?ref=aymt_homepage_panel\"><strong>Facebook<\/strong><\/a>,<strong>\u00a0<\/strong><a href=\"https:\/\/www.instagram.com\/cariri_em_acao\/?hl=pt-br\"><strong>Instagram<\/strong><\/a><strong>\u00a0e\u00a0<\/strong><a href=\"https:\/\/www.youtube.com\/channel\/UCAptA0jQuYQy8vMhLt2m4qg\"><strong>Youtube<\/strong><\/a><strong>\u00a0e veja nossas mat\u00e9rias, v\u00eddeos e fotos. Voc\u00ea tamb\u00e9m pode enviar informa\u00e7\u00f5es \u00e0 Reda\u00e7\u00e3o do Portal Cariri em A\u00e7\u00e3o pelo WhatsApp (83) 9 9634.5791, (83) 9 9601-1162.<\/strong><\/p>\n","protected":false},"excerpt":{"rendered":"<p>O professor Jos\u00e9 Carlos Santos Filho adotou uma metodologia diferenciada para ensinar legisla\u00e7\u00e3o de tr\u00e2nsito e facilitar a absor\u00e7\u00e3o de conhecimento em alunos de uma&hellip; <\/p>\n","protected":false},"author":2,"featured_media":44562,"comment_status":"closed","ping_status":"closed","sticky":false,"template":"","format":"standard","meta":{"sfsi_plus_gutenberg_text_before_share":"","sfsi_plus_gutenberg_show_text_before_share":"","sfsi_plus_gutenberg_icon_type":"","sfsi_plus_gutenberg_icon_alignemt":"","sfsi_plus_gutenburg_max_per_row":"","footnotes":""},"categories":[11],"tags":[],"class_list":["post-44536","post","type-post","status-publish","format-standard","has-post-thumbnail","hentry","category-politica"],"_links":{"self":[{"href":"https:\/\/www.caririemacao.com\/1\/wp-json\/wp\/v2\/posts\/44536","targetHints":{"allow":["GET"]}}],"collection":[{"href":"https:\/\/www.caririemacao.com\/1\/wp-json\/wp\/v2\/posts"}],"about":[{"href":"https:\/\/www.caririemacao.com\/1\/wp-json\/wp\/v2\/types\/post"}],"author":[{"embeddable":true,"href":"https:\/\/www.caririemacao.com\/1\/wp-json\/wp\/v2\/users\/2"}],"replies":[{"embeddable":true,"href":"https:\/\/www.caririemacao.com\/1\/wp-json\/wp\/v2\/comments?post=44536"}],"version-history":[{"count":0,"href":"https:\/\/www.caririemacao.com\/1\/wp-json\/wp\/v2\/posts\/44536\/revisions"}],"wp:featuredmedia":[{"embeddable":true,"href":"https:\/\/www.caririemacao.com\/1\/wp-json\/wp\/v2\/media\/44562"}],"wp:attachment":[{"href":"https:\/\/www.caririemacao.com\/1\/wp-json\/wp\/v2\/media?parent=44536"}],"wp:term":[{"taxonomy":"category","embeddable":true,"href":"https:\/\/www.caririemacao.com\/1\/wp-json\/wp\/v2\/categories?post=44536"},{"taxonomy":"post_tag","embeddable":true,"href":"https:\/\/www.caririemacao.com\/1\/wp-json\/wp\/v2\/tags?post=44536"}],"curies":[{"name":"wp","href":"https:\/\/api.w.org\/{rel}","templated":true}]}}