{"id":44540,"date":"2018-03-18T05:17:04","date_gmt":"2018-03-18T08:17:04","guid":{"rendered":"http:\/\/caririemacao.com\/1\/?p=44540"},"modified":"2018-03-18T14:21:42","modified_gmt":"2018-03-18T17:21:42","slug":"15-km-de-drogas-que-vinham-de-pernambuco-sao-apreendidos-na-br-230","status":"publish","type":"post","link":"https:\/\/www.caririemacao.com\/1\/2018\/03\/18\/15-km-de-drogas-que-vinham-de-pernambuco-sao-apreendidos-na-br-230\/","title":{"rendered":"15 kg de drogas que vinham de Pernambuco s\u00e3o apreendidos na BR-230"},"content":{"rendered":"<p class=\"content-textcontainer\">A Pol\u00edcia Militar apreendeu 15 kg de maconha na manh\u00e3 do s\u00e1bado (17), na entrada da cidade de Jo\u00e3o Pessoa. De acordo com informa\u00e7\u00f5es da PM, a droga estava sendo transportada do estado de Pernambuco para a Para\u00edba por um homem de 54 anos, que foi preso.<\/p>\n<p class=\"content-textcontainer\" data-track-category=\"Link no Texto\" data-track-links=\"\">Ainda conforme a PM, o material apreendido foi encontrado pelos policiais escondido por baixo da carroceria do ve\u00edculo, que possivelmente era usado no transporte de animais. A abordagem foi realizada pelas equipes do 7\u00ba Batalh\u00e3o e da 4\u00aa Companhia Independente, seguindo orienta\u00e7\u00e3o da Coordenadoria de Intelig\u00eancia da PM.<\/p>\n<p class=\"content-textcontainer\" data-track-category=\"Link no Texto\" data-track-links=\"\">O ve\u00edculo foi abordado ap\u00f3s a pol\u00edcia ter recebido uma den\u00fancia de que esse carro tava trazendo a droga pra o bairro de Tambauzinho, na capital. O carro foi interceptado e o motorista de imediato disse onde a maconha estava escondida.<\/p>\n<p class=\"content-textcontainer\" data-track-category=\"Link no Texto\" data-track-links=\"\">A pol\u00edcia informou tamb\u00e9m que o condutor do ve\u00edculo que transportava a droga mora no bairro de Tambauzinho e j\u00e1 cumpriu pena por tr\u00e1fico de drogas. Ele levado para a sede da Pol\u00edcia Federal, em Cabedelo, junto com o material apreendido.<\/p>\n<p><strong>CARIRI EM A\u00c7\u00c3O<\/strong><\/p>\n<p><em>Com PB Hoje\/Foto:\u00a0PB Hoje<\/em><\/p>\n<p><strong>Leia mais not\u00edcias em\u00a0<\/strong><a href=\"http:\/\/www.caririemacao.com\/\"><strong>caririemacao.com<\/strong><\/a><strong>, siga nossa p\u00e1gina no\u00a0<\/strong><a href=\"https:\/\/www.facebook.com\/CaririEmAcao\/?ref=aymt_homepage_panel\"><strong>Facebook<\/strong><\/a>,<strong>\u00a0<\/strong><a href=\"https:\/\/www.instagram.com\/cariri_em_acao\/?hl=pt-br\"><strong>Instagram<\/strong><\/a><strong>\u00a0e\u00a0<\/strong><a href=\"https:\/\/www.youtube.com\/channel\/UCAptA0jQuYQy8vMhLt2m4qg\"><strong>Youtube<\/strong><\/a><strong>\u00a0e veja nossas mat\u00e9rias, v\u00eddeos e fotos. Voc\u00ea tamb\u00e9m pode enviar informa\u00e7\u00f5es \u00e0 Reda\u00e7\u00e3o do Portal Cariri em A\u00e7\u00e3o pelo WhatsApp (83) 9 9634.5791, (83) 9 9601-1162.<\/strong><\/p>\n","protected":false},"excerpt":{"rendered":"<p>A Pol\u00edcia Militar apreendeu 15 kg de maconha na manh\u00e3 do s\u00e1bado (17), na entrada da cidade de Jo\u00e3o Pessoa. De acordo com informa\u00e7\u00f5es da&hellip; <\/p>\n","protected":false},"author":2,"featured_media":44541,"comment_status":"closed","ping_status":"closed","sticky":false,"template":"","format":"standard","meta":{"sfsi_plus_gutenberg_text_before_share":"","sfsi_plus_gutenberg_show_text_before_share":"","sfsi_plus_gutenberg_icon_type":"","sfsi_plus_gutenberg_icon_alignemt":"","sfsi_plus_gutenburg_max_per_row":"","footnotes":""},"categories":[12],"tags":[],"class_list":["post-44540","post","type-post","status-publish","format-standard","has-post-thumbnail","hentry","category-policia"],"_links":{"self":[{"href":"https:\/\/www.caririemacao.com\/1\/wp-json\/wp\/v2\/posts\/44540","targetHints":{"allow":["GET"]}}],"collection":[{"href":"https:\/\/www.caririemacao.com\/1\/wp-json\/wp\/v2\/posts"}],"about":[{"href":"https:\/\/www.caririemacao.com\/1\/wp-json\/wp\/v2\/types\/post"}],"author":[{"embeddable":true,"href":"https:\/\/www.caririemacao.com\/1\/wp-json\/wp\/v2\/users\/2"}],"replies":[{"embeddable":true,"href":"https:\/\/www.caririemacao.com\/1\/wp-json\/wp\/v2\/comments?post=44540"}],"version-history":[{"count":0,"href":"https:\/\/www.caririemacao.com\/1\/wp-json\/wp\/v2\/posts\/44540\/revisions"}],"wp:featuredmedia":[{"embeddable":true,"href":"https:\/\/www.caririemacao.com\/1\/wp-json\/wp\/v2\/media\/44541"}],"wp:attachment":[{"href":"https:\/\/www.caririemacao.com\/1\/wp-json\/wp\/v2\/media?parent=44540"}],"wp:term":[{"taxonomy":"category","embeddable":true,"href":"https:\/\/www.caririemacao.com\/1\/wp-json\/wp\/v2\/categories?post=44540"},{"taxonomy":"post_tag","embeddable":true,"href":"https:\/\/www.caririemacao.com\/1\/wp-json\/wp\/v2\/tags?post=44540"}],"curies":[{"name":"wp","href":"https:\/\/api.w.org\/{rel}","templated":true}]}}