{"id":44545,"date":"2018-03-18T07:26:11","date_gmt":"2018-03-18T10:26:11","guid":{"rendered":"http:\/\/caririemacao.com\/1\/?p=44545"},"modified":"2018-03-18T07:26:52","modified_gmt":"2018-03-18T10:26:52","slug":"mulher-e-alvejada-com-dois-tiros-na-cabeca-apos-discussao-com-o-companheiro-no-sertao","status":"publish","type":"post","link":"https:\/\/www.caririemacao.com\/1\/2018\/03\/18\/mulher-e-alvejada-com-dois-tiros-na-cabeca-apos-discussao-com-o-companheiro-no-sertao\/","title":{"rendered":"Mulher \u00e9 alvejada com dois tiros na cabe\u00e7a ap\u00f3s discuss\u00e3o com o Companheiro"},"content":{"rendered":"<p>Nos primeiros minutos do s\u00e1bado (17), uma Mulher foi alvejada a bala, ap\u00f3s uma discuss\u00e3o com o Companheiro na Zona Rural de Bom Sucesso, Sert\u00e3o da Para\u00edba.<\/p>\n<p>A v\u00edtima identificada apenas com sendo Tain\u00e1 foi atingida por dois tiros na cabe\u00e7a. O principal Suspeito do crime \u00e9 o Marido da mesma.<\/p>\n<p>Tain\u00e1 foi socorrida \u00e0s pressas ao Hospital Regional de Catol\u00e9 do Rocha, e logo em seguida transferida para o Trauma em Campina Grande devido \u00e0 gravidade dos ferimentos. O estado de sa\u00fade da V\u00edtima \u00e9 consider\u00e1vel grave.<\/p>\n<p>A Pol\u00edcia Militar foi acionada, constatou o fato e passou a efetuar rondas pela regi\u00e3o, por\u00e9m sem \u00eaxito na pris\u00e3o do Suspeito.<\/p>\n<p><strong>CARIRI EM A\u00c7\u00c3O<\/strong><\/p>\n<p><em>Com Rep\u00f3rter PB\/Foto:\u00a0Rep\u00f3rter PB<\/em><\/p>\n<p><strong>Leia mais not\u00edcias em\u00a0<\/strong><a href=\"http:\/\/www.caririemacao.com\/\"><strong>caririemacao.com<\/strong><\/a><strong>, siga nossa p\u00e1gina no\u00a0<\/strong><a href=\"https:\/\/www.facebook.com\/CaririEmAcao\/?ref=aymt_homepage_panel\"><strong>Facebook<\/strong><\/a>,<strong>\u00a0<\/strong><a href=\"https:\/\/www.instagram.com\/cariri_em_acao\/?hl=pt-br\"><strong>Instagram<\/strong><\/a><strong>\u00a0e\u00a0<\/strong><a href=\"https:\/\/www.youtube.com\/channel\/UCAptA0jQuYQy8vMhLt2m4qg\"><strong>Youtube<\/strong><\/a><strong>\u00a0e veja nossas mat\u00e9rias, v\u00eddeos e fotos. Voc\u00ea tamb\u00e9m pode enviar informa\u00e7\u00f5es \u00e0 Reda\u00e7\u00e3o do Portal Cariri em A\u00e7\u00e3o pelo WhatsApp (83) 9 9634.5791, (83) 9 9601-1162.<\/strong><\/p>\n","protected":false},"excerpt":{"rendered":"<p>Nos primeiros minutos do s\u00e1bado (17), uma Mulher foi alvejada a bala, ap\u00f3s uma discuss\u00e3o com o Companheiro na Zona Rural de Bom Sucesso, Sert\u00e3o&hellip; <\/p>\n","protected":false},"author":2,"featured_media":44546,"comment_status":"closed","ping_status":"closed","sticky":false,"template":"","format":"standard","meta":{"sfsi_plus_gutenberg_text_before_share":"","sfsi_plus_gutenberg_show_text_before_share":"","sfsi_plus_gutenberg_icon_type":"","sfsi_plus_gutenberg_icon_alignemt":"","sfsi_plus_gutenburg_max_per_row":"","footnotes":""},"categories":[12],"tags":[],"class_list":["post-44545","post","type-post","status-publish","format-standard","has-post-thumbnail","hentry","category-policia"],"_links":{"self":[{"href":"https:\/\/www.caririemacao.com\/1\/wp-json\/wp\/v2\/posts\/44545","targetHints":{"allow":["GET"]}}],"collection":[{"href":"https:\/\/www.caririemacao.com\/1\/wp-json\/wp\/v2\/posts"}],"about":[{"href":"https:\/\/www.caririemacao.com\/1\/wp-json\/wp\/v2\/types\/post"}],"author":[{"embeddable":true,"href":"https:\/\/www.caririemacao.com\/1\/wp-json\/wp\/v2\/users\/2"}],"replies":[{"embeddable":true,"href":"https:\/\/www.caririemacao.com\/1\/wp-json\/wp\/v2\/comments?post=44545"}],"version-history":[{"count":0,"href":"https:\/\/www.caririemacao.com\/1\/wp-json\/wp\/v2\/posts\/44545\/revisions"}],"wp:featuredmedia":[{"embeddable":true,"href":"https:\/\/www.caririemacao.com\/1\/wp-json\/wp\/v2\/media\/44546"}],"wp:attachment":[{"href":"https:\/\/www.caririemacao.com\/1\/wp-json\/wp\/v2\/media?parent=44545"}],"wp:term":[{"taxonomy":"category","embeddable":true,"href":"https:\/\/www.caririemacao.com\/1\/wp-json\/wp\/v2\/categories?post=44545"},{"taxonomy":"post_tag","embeddable":true,"href":"https:\/\/www.caririemacao.com\/1\/wp-json\/wp\/v2\/tags?post=44545"}],"curies":[{"name":"wp","href":"https:\/\/api.w.org\/{rel}","templated":true}]}}