{"id":44550,"date":"2018-03-18T07:32:32","date_gmt":"2018-03-18T10:32:32","guid":{"rendered":"http:\/\/caririemacao.com\/1\/?p=44550"},"modified":"2018-03-18T07:36:09","modified_gmt":"2018-03-18T10:36:09","slug":"correios-desconhecem-que-municao-que-matou-marielle-tenha-sido-roubada-na-paraiba","status":"publish","type":"post","link":"https:\/\/www.caririemacao.com\/1\/2018\/03\/18\/correios-desconhecem-que-municao-que-matou-marielle-tenha-sido-roubada-na-paraiba\/","title":{"rendered":"Correios desconhecem que muni\u00e7\u00e3o que matou Marielle tenha sido roubada na Para\u00edba"},"content":{"rendered":"<p>A superintend\u00eancia dos Correios na Para\u00edba declarou no \u00faltimo s\u00e1bado (17), desconhecer que a muni\u00e7\u00e3o utilizada no assassinato da vereadora Marielle Franco (PSOL-RJ) tenha sido subtra\u00edda de sua sede no Estado. A informa\u00e7\u00e3o de que as muni\u00e7\u00f5es, que pertenciam a Pol\u00edcia Federal (PF), tinham sido roubadas na Para\u00edba foi dada pelo ministro Extraordin\u00e1rio da Seguran\u00e7a P\u00fablica, Raul Jungmann, na sexta-feira (16). A vereadora foi morta na \u00faltima quarta-feira (14) com quatro tiros na cabe\u00e7a.<\/p>\n<p>De acordo com os Correios na Para\u00edba \u201cn\u00e3o houve nenhum registro de furto ou roubo a carga da Pol\u00edcia Federal e os Correios tamb\u00e9m n\u00e3o foram notificados pela PF de nenhum incidente deste tipo\u201d, pelo menos n\u00e3o na \u00faltima d\u00e9cada. A informa\u00e7\u00e3o foi repassada por telefone pela assessoria de imprensa. No final da tarde, o \u00f3rg\u00e3o divulgou uma nota oficial sobre o assunto, onde explica que a empresa n\u00e3o aceita postagem de remessas contendo armas ou muni\u00e7\u00e3o, exceto quando autorizado por legisla\u00e7\u00e3o espec\u00edfica.<\/p>\n<p>A Superintend\u00eancia da Pol\u00edcia Federal na Para\u00edba afirmou que, por enquanto, n\u00e3o vai se posicionar sobre o caso.<\/p>\n<p>Segundo a per\u00edcia da Pol\u00edcia Civil do Rio de Janeiro, os disparos que levaram a morte de Marielle Franco e do motorista Anderson Gomes foram efetuados por uma arma de calibre 9mm. E a muni\u00e7\u00e3o utilizada pertence a um lote vendido a Pol\u00edcia Federal em Bras\u00edlia em 2006.<\/p>\n<p>De acordo com as investiga\u00e7\u00f5es, a Pol\u00edcia Federal comprou no dia 29 de dezembro de 2006, muni\u00e7\u00f5es do lote UZZ-18, com notas fiscais emitidas pela Companhia Brasileira de Cartuchos (CBC). O lote continha mais de 1,8 milh\u00f5es de c\u00e1psulas. A muni\u00e7\u00e3o foi distribu\u00edda para as Superintend\u00eancias da S\u00e3o Paulo, Rio de Janeiro e do Distrito Federal, receberam mais de 200 mil balas cada uma e as muni\u00e7\u00f5es restantes foram distribu\u00eddas para as demais superintend\u00eancias da PF.<\/p>\n<p>Ap\u00f3s a descoberta da origem das muni\u00e7\u00f5es a PF emitiu uma nota conjunta de que vai colaborar com a Pol\u00edcia Civil do Rio de Janeiro nas investiga\u00e7\u00f5es do crime. Raul Jungmann disse que a corpora\u00e7\u00e3o destacou \u201co melhor especialista em impress\u00f5es digitais e DNA\u201d para avaliar o material das c\u00e1psulas encontradas no local onde Marielle e o motorista do carro em que ela estava foram mortos.<\/p>\n<h4>Crime<\/h4>\n<p>Na \u00faltima quarta-feira (14), a vereadora Marielle Franco foi executada com quatro tiros na cabe\u00e7a, quando ia para casa no bairro da Tijuca, zona norte do Rio, retornando de um evento ligado ao movimento negro, na Lapa. A parlamentar viajava no banco de tr\u00e1s do carro, quando criminosos emparelharam um ve\u00edculo com o carro da v\u00edtima e dispararam nove vezes. O motorista do ve\u00edculo, Anderson Gomes tamb\u00e9m morreu. Uma assessora que tamb\u00e9m estava no carro sobreviveu ao ataque.<\/p>\n<p>Na Para\u00edba, dois atos homenagearam a vereadora.\u00a0Em Jo\u00e3o Pessoa, uma vig\u00edlia reuniu cerca de 500 pessoas na Lagoa, no Centro.\u00a0J\u00e1 em Campina Grande o ato aconteceu no Cal\u00e7ad\u00e3o da Cardoso Vieira. Em ambos, as pessoas levaram cartazes, manisfestaram a indigna\u00e7\u00e3o pela morte de Marielle Franco e de Anderson Gomes e pediram que o crime seja elucidado rapidamente.<\/p>\n<h4>Marielle<\/h4>\n<p>Marielle Franco tinha 38 anos e foi a quinta vereadora mais votada do Rio de Janeiro nas elei\u00e7\u00f5es de 2016, com 46.502 votos.<\/p>\n<p>Soci\u00f3loga formada pela PUC-Rio e mestra em Administra\u00e7\u00e3o P\u00fablica pela Universidade Federal Fluminense (UFF), teve disserta\u00e7\u00e3o de mestrado com o tema \u201cUPP: a redu\u00e7\u00e3o da favela a tr\u00eas letras\u201d.<\/p>\n<p>Atualmente ela era relatora da Comiss\u00e3o de acompanhamento \u00e0s a\u00e7\u00f5es de interven\u00e7\u00e3o militar na Seguran\u00e7a P\u00fablica do Estado do Rio de Janeiro, trabalho esse que j\u00e1 apontava para o abuso de poder por parte de policiais do 41\u00ba Batalh\u00e3o da PM do Rio de Janeiro contra moradores de Acari.<\/p>\n<h4>Nota dos Correios<\/h4>\n<p><em>\u201cEm resposta \u00e0s recentes not\u00edcias sobre suposto desvio de carga pertencente \u00e0 Pol\u00edcia Federal ocorrido nos Correios, a empresa esclarece que, no passado recente, n\u00e3o h\u00e1 nenhum registro de qualquer incidente dessa natureza e que est\u00e1 apurando internamente as informa\u00e7\u00f5es.<\/em><\/p>\n<p><em>A empresa n\u00e3o aceita postagem de remessas contendo armas ou muni\u00e7\u00e3o, exceto quando autorizado por legisla\u00e7\u00e3o espec\u00edfica. Neste caso, o tr\u00e1fego, via Correios, de produtos controlados pelo Ex\u00e9rcito, submete-se \u00e0s disposi\u00e7\u00f5es estabelecidas no Regulamento para a Fiscaliza\u00e7\u00e3o de Produtos Controlados, conforme a Portaria n\u00ba 015\/2009 \u2013 Colog\/Minist\u00e9rio da Defesa.<\/em><\/p>\n<p><em>Por serem os Correios uma empresa p\u00fablica, situa\u00e7\u00f5es envolvendo armas, muni\u00e7\u00f5es, drogas e outros itens proibidos no tr\u00e1fego postal s\u00e3o encaminhadas \u00e0 Pol\u00edcia Federal, para investiga\u00e7\u00e3o. No caso do Rio de Janeiro, j\u00e1 foi instaurado inqu\u00e9rito pela PF, que \u00e9 o \u00f3rg\u00e3o competente para prestar mais esclarecimentos sobre a mat\u00e9ria.\u201d<\/em><\/p>\n<p><strong>CARIRI EM A\u00c7\u00c3O<\/strong><\/p>\n<p><em>Com Jornal da Para\u00edba\/Foto:\u00a0Jornal da Para\u00edba<\/em><\/p>\n<p><strong>Leia mais not\u00edcias em\u00a0<\/strong><a href=\"http:\/\/www.caririemacao.com\/\"><strong>caririemacao.com<\/strong><\/a><strong>, siga nossa p\u00e1gina no\u00a0<\/strong><a href=\"https:\/\/www.facebook.com\/CaririEmAcao\/?ref=aymt_homepage_panel\"><strong>Facebook<\/strong><\/a>,<strong>\u00a0<\/strong><a href=\"https:\/\/www.instagram.com\/cariri_em_acao\/?hl=pt-br\"><strong>Instagram<\/strong><\/a><strong>\u00a0e\u00a0<\/strong><a href=\"https:\/\/www.youtube.com\/channel\/UCAptA0jQuYQy8vMhLt2m4qg\"><strong>Youtube<\/strong><\/a><strong>\u00a0e veja nossas mat\u00e9rias, v\u00eddeos e fotos. Voc\u00ea tamb\u00e9m pode enviar informa\u00e7\u00f5es \u00e0 Reda\u00e7\u00e3o do Portal Cariri em A\u00e7\u00e3o pelo WhatsApp (83) 9 9634.5791, (83) 9 9601-1162.<\/strong><\/p>\n","protected":false},"excerpt":{"rendered":"<p>A superintend\u00eancia dos Correios na Para\u00edba declarou no \u00faltimo s\u00e1bado (17), desconhecer que a muni\u00e7\u00e3o utilizada no assassinato da vereadora Marielle Franco (PSOL-RJ) tenha sido&hellip; <\/p>\n","protected":false},"author":2,"featured_media":44551,"comment_status":"closed","ping_status":"closed","sticky":false,"template":"","format":"standard","meta":{"sfsi_plus_gutenberg_text_before_share":"","sfsi_plus_gutenberg_show_text_before_share":"","sfsi_plus_gutenberg_icon_type":"","sfsi_plus_gutenberg_icon_alignemt":"","sfsi_plus_gutenburg_max_per_row":"","footnotes":""},"categories":[11],"tags":[],"class_list":["post-44550","post","type-post","status-publish","format-standard","has-post-thumbnail","hentry","category-politica"],"_links":{"self":[{"href":"https:\/\/www.caririemacao.com\/1\/wp-json\/wp\/v2\/posts\/44550","targetHints":{"allow":["GET"]}}],"collection":[{"href":"https:\/\/www.caririemacao.com\/1\/wp-json\/wp\/v2\/posts"}],"about":[{"href":"https:\/\/www.caririemacao.com\/1\/wp-json\/wp\/v2\/types\/post"}],"author":[{"embeddable":true,"href":"https:\/\/www.caririemacao.com\/1\/wp-json\/wp\/v2\/users\/2"}],"replies":[{"embeddable":true,"href":"https:\/\/www.caririemacao.com\/1\/wp-json\/wp\/v2\/comments?post=44550"}],"version-history":[{"count":0,"href":"https:\/\/www.caririemacao.com\/1\/wp-json\/wp\/v2\/posts\/44550\/revisions"}],"wp:featuredmedia":[{"embeddable":true,"href":"https:\/\/www.caririemacao.com\/1\/wp-json\/wp\/v2\/media\/44551"}],"wp:attachment":[{"href":"https:\/\/www.caririemacao.com\/1\/wp-json\/wp\/v2\/media?parent=44550"}],"wp:term":[{"taxonomy":"category","embeddable":true,"href":"https:\/\/www.caririemacao.com\/1\/wp-json\/wp\/v2\/categories?post=44550"},{"taxonomy":"post_tag","embeddable":true,"href":"https:\/\/www.caririemacao.com\/1\/wp-json\/wp\/v2\/tags?post=44550"}],"curies":[{"name":"wp","href":"https:\/\/api.w.org\/{rel}","templated":true}]}}