{"id":44564,"date":"2018-03-18T07:52:20","date_gmt":"2018-03-18T10:52:20","guid":{"rendered":"http:\/\/caririemacao.com\/1\/?p=44564"},"modified":"2018-03-18T07:52:20","modified_gmt":"2018-03-18T10:52:20","slug":"planalto-evita-relacao-entre-intervencao-e-assassinato-de-marielle","status":"publish","type":"post","link":"https:\/\/www.caririemacao.com\/1\/2018\/03\/18\/planalto-evita-relacao-entre-intervencao-e-assassinato-de-marielle\/","title":{"rendered":"Planalto evita rela\u00e7\u00e3o entre interven\u00e7\u00e3o e assassinato de Marielle"},"content":{"rendered":"<p><span class=\"news_capital_letter\">O\u00a0<\/span>presidente Michel Temer (MDB) e seus principais aliados buscam desassociar a interven\u00e7\u00e3o federal na \u00e1rea de seguran\u00e7a p\u00fablica no Rio de Janeiro do assassinato da vereadora carioca Marielle Franco (PSOL).<\/p>\n<p>Neste domingo (18), completa 30 dias corridos da interven\u00e7\u00e3o e quatro dias da\u00a0morte de Marielle, assassinada com quatro tiros na cabe\u00e7a, em homic\u00eddio doloso\u00a0(com inten\u00e7\u00e3o de matar), na noite de quarta-feira (14). O crime est\u00e1 sendo investigado pela Pol\u00edcia Civil do Rio.<\/p>\n<p>O Planalto avalia que o crime premeditado contra a vereadora aconteceria independentemente da interven\u00e7\u00e3o federal. Segundo apoiadores de Temer, n\u00e3o se pode relacionar as duas quest\u00f5es de forma direta.<\/p>\n<p>De acordo com a reportagem do UOL, assessores tamb\u00e9m reconhecem que a interven\u00e7\u00e3o atrapalha as atividades de mil\u00edcias com policiais corruptos e demais organiza\u00e7\u00f5es criminosas, que podem ter enxergado uma maneira de retaliar o governo com um crime violento contra pessoa p\u00fablica com a qual j\u00e1 tinham diverg\u00eancias.<\/p>\n<p>O Planalto tem tentado separar os fatos e intensificar a necessidade da interven\u00e7\u00e3o no Rio.\u00a0Um assessor de Temer revelou n\u00e3o h\u00e1 inten\u00e7\u00e3o de recuar da presen\u00e7a das For\u00e7as Armadas no Estado. Ainda segundo a publica\u00e7\u00e3o, o governo pretende refor\u00e7ar os trabalhos da interven\u00e7\u00e3o para demonstrar for\u00e7a e poder, al\u00e9m de evitar uma desmoraliza\u00e7\u00e3o.<\/p>\n<p>Em entrevistas, ministros e auxiliares do governo refor\u00e7aram a impossibilidade de se relacionar o crime com a interven\u00e7\u00e3o. O ministro da Justi\u00e7a, Torquato Jardim, afirmou &#8220;n\u00e3o tem nada a ver uma coisa com a outra&#8221; e disse ser o papel da oposi\u00e7\u00e3o contestar o governo.<\/p>\n<p>J\u00e1 o ministro da Secretaria de Governo, Carlos Marun, afirmou &#8220;imbecil \u00e9 quem imaginou que em 30 dias n\u00f3s ter\u00edamos solucionado a quest\u00e3o da viol\u00eancia no Rio de Janeiro. Essa nunca foi a nossa pretens\u00e3o, n\u00f3s temos um trabalho de longo curso, ele ser\u00e1 realizado&#8221;.<\/p>\n<p><strong>CARIRI EM A\u00c7\u00c3O<\/strong><\/p>\n<p><em>Com Politica\u00a0ao Minuto\/Foto:\u00a0Bruno Kelly<\/em><\/p>\n<p><strong>Leia mais not\u00edcias em\u00a0<\/strong><a href=\"http:\/\/www.caririemacao.com\/\"><strong>caririemacao.com<\/strong><\/a><strong>, siga nossa p\u00e1gina no\u00a0<\/strong><a href=\"https:\/\/www.facebook.com\/CaririEmAcao\/?ref=aymt_homepage_panel\"><strong>Facebook<\/strong><\/a>,<strong>\u00a0<\/strong><a href=\"https:\/\/www.instagram.com\/cariri_em_acao\/?hl=pt-br\"><strong>Instagram<\/strong><\/a><strong>\u00a0e\u00a0<\/strong><a href=\"https:\/\/www.youtube.com\/channel\/UCAptA0jQuYQy8vMhLt2m4qg\"><strong>Youtube<\/strong><\/a><strong>\u00a0e veja nossas mat\u00e9rias, v\u00eddeos e fotos. Voc\u00ea tamb\u00e9m pode enviar informa\u00e7\u00f5es \u00e0 Reda\u00e7\u00e3o do Portal Cariri em A\u00e7\u00e3o pelo WhatsApp (83) 9 9634.5791, (83) 9 9601-1162.<\/strong><\/p>\n","protected":false},"excerpt":{"rendered":"<p>O\u00a0presidente Michel Temer (MDB) e seus principais aliados buscam desassociar a interven\u00e7\u00e3o federal na \u00e1rea de seguran\u00e7a p\u00fablica no Rio de Janeiro do assassinato da&hellip; <\/p>\n","protected":false},"author":2,"featured_media":44565,"comment_status":"closed","ping_status":"closed","sticky":false,"template":"","format":"standard","meta":{"sfsi_plus_gutenberg_text_before_share":"","sfsi_plus_gutenberg_show_text_before_share":"","sfsi_plus_gutenberg_icon_type":"","sfsi_plus_gutenberg_icon_alignemt":"","sfsi_plus_gutenburg_max_per_row":"","footnotes":""},"categories":[11],"tags":[],"class_list":["post-44564","post","type-post","status-publish","format-standard","has-post-thumbnail","hentry","category-politica"],"_links":{"self":[{"href":"https:\/\/www.caririemacao.com\/1\/wp-json\/wp\/v2\/posts\/44564","targetHints":{"allow":["GET"]}}],"collection":[{"href":"https:\/\/www.caririemacao.com\/1\/wp-json\/wp\/v2\/posts"}],"about":[{"href":"https:\/\/www.caririemacao.com\/1\/wp-json\/wp\/v2\/types\/post"}],"author":[{"embeddable":true,"href":"https:\/\/www.caririemacao.com\/1\/wp-json\/wp\/v2\/users\/2"}],"replies":[{"embeddable":true,"href":"https:\/\/www.caririemacao.com\/1\/wp-json\/wp\/v2\/comments?post=44564"}],"version-history":[{"count":0,"href":"https:\/\/www.caririemacao.com\/1\/wp-json\/wp\/v2\/posts\/44564\/revisions"}],"wp:featuredmedia":[{"embeddable":true,"href":"https:\/\/www.caririemacao.com\/1\/wp-json\/wp\/v2\/media\/44565"}],"wp:attachment":[{"href":"https:\/\/www.caririemacao.com\/1\/wp-json\/wp\/v2\/media?parent=44564"}],"wp:term":[{"taxonomy":"category","embeddable":true,"href":"https:\/\/www.caririemacao.com\/1\/wp-json\/wp\/v2\/categories?post=44564"},{"taxonomy":"post_tag","embeddable":true,"href":"https:\/\/www.caririemacao.com\/1\/wp-json\/wp\/v2\/tags?post=44564"}],"curies":[{"name":"wp","href":"https:\/\/api.w.org\/{rel}","templated":true}]}}