{"id":44567,"date":"2018-03-18T07:55:11","date_gmt":"2018-03-18T10:55:11","guid":{"rendered":"http:\/\/caririemacao.com\/1\/?p=44567"},"modified":"2018-03-18T07:55:11","modified_gmt":"2018-03-18T10:55:11","slug":"para-pt-prioridade-e-financiar-campanha-de-lula-e-reeleicoes","status":"publish","type":"post","link":"https:\/\/www.caririemacao.com\/1\/2018\/03\/18\/para-pt-prioridade-e-financiar-campanha-de-lula-e-reeleicoes\/","title":{"rendered":"Para PT, prioridade \u00e9 financiar campanha de Lula e reelei\u00e7\u00f5es"},"content":{"rendered":"<p><span class=\"news_capital_letter\">A<\/span>pesar de falar que a renova\u00e7\u00e3o pol\u00edtica \u00e9 um desafio para as pr\u00f3ximas elei\u00e7\u00f5es, o PT vai priorizar na divis\u00e3o do bolo do fundo eleitoral a elei\u00e7\u00e3o presidencial e a recondu\u00e7\u00e3o de parlamentares que j\u00e1 t\u00eam mandato no Congresso Nacional.<\/p>\n<p>Resolu\u00e7\u00e3o da Executiva Nacional do partido aprovada ontem e divulgada na \u00faltima sexta-feira determina que a prioridade da legenda ser\u00e1 o financiamento da candidatura do ex-presidente Luiz In\u00e1cio Lula da Silva, que pode n\u00e3o participar das elei\u00e7\u00f5es se mantida sua condena\u00e7\u00e3o judicial. O partido afirma que tem o desafio de &#8220;disputar o cora\u00e7\u00e3o dos brasileiros&#8221; e eleger seu candidato. &#8220;A elei\u00e7\u00e3o do companheiro Lula para a presid\u00eancia do Brasil \u00e9 a principal prioridade do Partido dos Trabalhadores na estrat\u00e9gia eleitoral de 2018&#8221;, diz o texto.<\/p>\n<p>Ap\u00f3s isso, em ordem de prioridade, o partido destinar\u00e1 a maior parte dos recursos para a elei\u00e7\u00e3o de deputados e senadores &#8220;priorizando os(as) candidatos(as) \u00e0 reelei\u00e7\u00e3o e aqueles(as) com viabilidade eleitoral&#8221;, conforme a resolu\u00e7\u00e3o.<\/p>\n<p>Na sequ\u00eancia, a recondu\u00e7\u00e3o do PT nos cinco Estados governados pelo partido est\u00e1 elencada na distribui\u00e7\u00e3o de recursos, seguida da elei\u00e7\u00e3o de deputados estaduais. Por \u00faltimo, haver\u00e1 uma destina\u00e7\u00e3o de valores para campanhas em favor do voto em legenda, visando ampliar a bancada federal.<\/p>\n<p>O partido promete ainda estimular a busca por financiamento coletivo de pessoas f\u00edsicas para aumentar os recursos, j\u00e1 que esta elei\u00e7\u00e3o ser\u00e1 o primeiro pleito presidencial ap\u00f3s a proibi\u00e7\u00e3o do financiamento de empresas.<\/p>\n<p>Na resolu\u00e7\u00e3o, a legenda reconhece que o dinheiro dispon\u00edvel este ano n\u00e3o ser\u00e1 suficiente para bancar uma campanha como o partido gostaria. E, apesar de priorizar a campanha de Lula e a reelei\u00e7\u00e3o de parlamentares, fala em renova\u00e7\u00e3o.<\/p>\n<p>&#8220;O estabelecimento de prioridades \u00e9 o primeiro passo para a constru\u00e7\u00e3o dessa pol\u00edtica, mas h\u00e1 outros desafios que precisar\u00e3o ser enfrentados para alcan\u00e7armos o respeito \u00e0 diversidade partid\u00e1ria, o desejo por renova\u00e7\u00e3o e a amplia\u00e7\u00e3o do nosso espa\u00e7o na sociedade e no sistema pol\u00edtico&#8221;, diz a resolu\u00e7\u00e3o.<\/p>\n<p>A reuni\u00e3o que aprovou a resolu\u00e7\u00e3o sobre o financiamento eleitoral foi a mesma que apresentou outro documento no qual diz que o assassinato da vereadora Marielle Franco (PSOL-RJ) faz parte do mesmo processo pol\u00edtico que levou \u00e0 condena\u00e7\u00e3o do ex-presidente e que pode culminar com a pris\u00e3o do petista.<\/p>\n<p><strong>CARIRI EM A\u00c7\u00c3O<\/strong><\/p>\n<p><em>Com Estad\u00e3o\/Foto: Reprodu\u00e7\u00e3o google<\/em><\/p>\n<p><strong>Leia mais not\u00edcias em\u00a0<\/strong><a href=\"http:\/\/www.caririemacao.com\/\"><strong>caririemacao.com<\/strong><\/a><strong>, siga nossa p\u00e1gina no\u00a0<\/strong><a href=\"https:\/\/www.facebook.com\/CaririEmAcao\/?ref=aymt_homepage_panel\"><strong>Facebook<\/strong><\/a>,<strong>\u00a0<\/strong><a href=\"https:\/\/www.instagram.com\/cariri_em_acao\/?hl=pt-br\"><strong>Instagram<\/strong><\/a><strong>\u00a0e\u00a0<\/strong><a href=\"https:\/\/www.youtube.com\/channel\/UCAptA0jQuYQy8vMhLt2m4qg\"><strong>Youtube<\/strong><\/a><strong>\u00a0e veja nossas mat\u00e9rias, v\u00eddeos e fotos. Voc\u00ea tamb\u00e9m pode enviar informa\u00e7\u00f5es \u00e0 Reda\u00e7\u00e3o do Portal Cariri em A\u00e7\u00e3o pelo WhatsApp (83) 9 9634.5791, (83) 9 9601-1162.<\/strong><\/p>\n","protected":false},"excerpt":{"rendered":"<p>Apesar de falar que a renova\u00e7\u00e3o pol\u00edtica \u00e9 um desafio para as pr\u00f3ximas elei\u00e7\u00f5es, o PT vai priorizar na divis\u00e3o do bolo do fundo eleitoral&hellip; <\/p>\n","protected":false},"author":2,"featured_media":44568,"comment_status":"closed","ping_status":"closed","sticky":false,"template":"","format":"standard","meta":{"sfsi_plus_gutenberg_text_before_share":"","sfsi_plus_gutenberg_show_text_before_share":"","sfsi_plus_gutenberg_icon_type":"","sfsi_plus_gutenberg_icon_alignemt":"","sfsi_plus_gutenburg_max_per_row":"","footnotes":""},"categories":[11],"tags":[],"class_list":["post-44567","post","type-post","status-publish","format-standard","has-post-thumbnail","hentry","category-politica"],"_links":{"self":[{"href":"https:\/\/www.caririemacao.com\/1\/wp-json\/wp\/v2\/posts\/44567","targetHints":{"allow":["GET"]}}],"collection":[{"href":"https:\/\/www.caririemacao.com\/1\/wp-json\/wp\/v2\/posts"}],"about":[{"href":"https:\/\/www.caririemacao.com\/1\/wp-json\/wp\/v2\/types\/post"}],"author":[{"embeddable":true,"href":"https:\/\/www.caririemacao.com\/1\/wp-json\/wp\/v2\/users\/2"}],"replies":[{"embeddable":true,"href":"https:\/\/www.caririemacao.com\/1\/wp-json\/wp\/v2\/comments?post=44567"}],"version-history":[{"count":0,"href":"https:\/\/www.caririemacao.com\/1\/wp-json\/wp\/v2\/posts\/44567\/revisions"}],"wp:featuredmedia":[{"embeddable":true,"href":"https:\/\/www.caririemacao.com\/1\/wp-json\/wp\/v2\/media\/44568"}],"wp:attachment":[{"href":"https:\/\/www.caririemacao.com\/1\/wp-json\/wp\/v2\/media?parent=44567"}],"wp:term":[{"taxonomy":"category","embeddable":true,"href":"https:\/\/www.caririemacao.com\/1\/wp-json\/wp\/v2\/categories?post=44567"},{"taxonomy":"post_tag","embeddable":true,"href":"https:\/\/www.caririemacao.com\/1\/wp-json\/wp\/v2\/tags?post=44567"}],"curies":[{"name":"wp","href":"https:\/\/api.w.org\/{rel}","templated":true}]}}