{"id":44570,"date":"2018-03-18T08:01:36","date_gmt":"2018-03-18T11:01:36","guid":{"rendered":"http:\/\/caririemacao.com\/1\/?p=44570"},"modified":"2018-03-18T08:01:36","modified_gmt":"2018-03-18T11:01:36","slug":"temer-ja-avisa-aliados-que-vai-disputar-reeleicao","status":"publish","type":"post","link":"https:\/\/www.caririemacao.com\/1\/2018\/03\/18\/temer-ja-avisa-aliados-que-vai-disputar-reeleicao\/","title":{"rendered":"Temer j\u00e1 avisa aliados que vai disputar reelei\u00e7\u00e3o"},"content":{"rendered":"<p>O presidente Michel Temer j\u00e1 come\u00e7ou a avisar seus principais interlocutores que est\u00e1 disposto a disputar a reelei\u00e7\u00e3o presidencial,\u00a0conforme antecipou o BR18. Apesar dos baixos \u00edndices de aprova\u00e7\u00e3o do seu governo &#8211; 6% segundo o \u00faltimo levantamento do Instituto Ibope -, o presidente acha que ningu\u00e9m melhor do que ele ser\u00e1 capaz de defender seu legado e sua pr\u00f3pria honra. Mesmo sabendo que esse patamar de popularidade \u00e9 um obst\u00e1culo pesado para sua candidatura, Temer acha que poder\u00e1 melhorar de situa\u00e7\u00e3o com a confirma\u00e7\u00e3o da recupera\u00e7\u00e3o da economia e com outras medidas que pretende adotar at\u00e9 o final de seu mandato.<\/p>\n<div class=\"mm_conteudo blog-multimidia foto loaded\" data-config=\"{&quot;tipo&quot;:&quot;FOTO&quot;,&quot;id&quot;:&quot;857288&quot;,&quot;provider&quot;:&quot;AGILE&quot;}\"><\/div>\n<p>Temer n\u00e3o tem a press\u00e3o do calend\u00e1rio eleitoral, j\u00e1 que pela legisla\u00e7\u00e3o ele n\u00e3o precisa deixar o cargo at\u00e9 abril para concorrer &#8211; como acontece, por exemplo, com o ministro da Fazenda, Henrique Meirelles. Este precisa, obrigatoriamente, deixar a pasta nos pr\u00f3ximos dias se quiser concorrer ao Planalto. Por isso, Temer n\u00e3o tem pressa &#8211; pode decidir at\u00e9 julho &#8211; e vai esticar ao m\u00e1ximo o an\u00fancio oficial de sua candidatura. Com isso, evita tamb\u00e9m a politiza\u00e7\u00e3o de todas as futuras a\u00e7\u00f5es de seu governo.<\/p>\n<p>Quando assumiu o governo, Temer se comprometeu com os partidos aliados a n\u00e3o tentar uma eventual reelei\u00e7\u00e3o em troca da sustenta\u00e7\u00e3o pol\u00edtica. O problema \u00e9 que o quadro que havia em 2016 mudou radicalmente, na sua avalia\u00e7\u00e3o. O senador tucano A\u00e9cio Neves (MG), que poderia ser um candidato em potencial em 2018, saiu do p\u00e1reo depois das investiga\u00e7\u00f5es abertas a partir do esc\u00e2ndalo da J&amp;F. Al\u00e9m disso, depois de ser central na forma\u00e7\u00e3o do primeiro escal\u00e3o de Temer, o PSDB passou a adotar tom cr\u00edtico e se afastou do governo federal.<\/p>\n<p><strong>Alckmin.\u00a0<\/strong>Temer tamb\u00e9m se considerou liberado de qualquer compromissos formal com o governador de S\u00e3o Paulo, Geraldo Alckmin, depois de avaliar que o pr\u00e9-candidato tucano n\u00e3o fez for\u00e7a para impedir que a bancada paulista do PSDB votasse a favor dos pedidos de seu afastamento.<\/p>\n<p>A rela\u00e7\u00e3o tamb\u00e9m mudou com o deputado Rodrigo Maia (DEM-RJ), presidente da C\u00e2mara, que tamb\u00e9m j\u00e1 se lan\u00e7ou pr\u00e9-candidato ao Planalto, com o discurso de afastamento do governo e afirmando que n\u00e3o defenderia o legado de Temer. \u00c9 esta a mensagem que Maia tem apresentado na maratona de viagens pelo Pa\u00eds iniciada na sexta-feira passada. Com a rela\u00e7\u00e3o mudada, Temer se sente liberado para n\u00e3o manter a promessa e tentar se viabilizar para buscar um novo mandato.<\/p>\n<p>O grande desafio, por\u00e9m, \u00e9 que Temer sabe que sua baixa popularidade faz com que v\u00e1rios de seus aliados, dentro do MDB, preferissem que ele cumprisse apenas seu mandato at\u00e9 o fim e liberasse o partido para tomar outros rumos.<\/p>\n<p>Em v\u00e1rios Estados, como Cear\u00e1, Alagoas e Goi\u00e1s, inclusive, o MDB deve fechar alian\u00e7as regionais com o PT, que hoje representa o principal opositor ao Planalto. Al\u00e9m disso, uma recupera\u00e7\u00e3o da economia mais lenta do que o esperado pode frustrar de vez os planos do presidente e convenc\u00ea-lo a desistir da empreitada.<\/p>\n<p><strong>Alternativa.\u00a0<\/strong>Se ficar convencido de sua inviabilidade, Temer far\u00e1 o movimento na dire\u00e7\u00e3o de outro nome, como o do ministro Henrique Meirelles. Mesmo que n\u00e3o se filie ao MDB, mas sim a outra legenda, Meirelles seria uma boa alternativa na vis\u00e3o do presidente.<\/p>\n<p>Alguns fatores fizeram com que o presidente se motivasse a tentar um novo mandato. Quer defender sua biografia pessoal e profissional. Acha que na campanha poder\u00e1 mostrar que conduziu o Pa\u00eds para a recupera\u00e7\u00e3o econ\u00f4mica num dos momentos mais graves de nossa hist\u00f3ria.<\/p>\n<p>Tamb\u00e9m quer rebater os ataques pessoais que v\u00eam sofrendo &#8211; e que considera injustos. Fora da corrida pelo Planalto, Temer sabe que perder\u00e1 protagonismo pol\u00edtico, j\u00e1 que n\u00e3o representar\u00e1 mais perspectiva de poder. Como candidato, esse prazo de validade se amplia.<\/p>\n<p>Seguran\u00e7a.\u00a0Para se fortalecer, Temer j\u00e1 tem tomado medidas de apelo popular. Assumiu o discurso da seguran\u00e7a p\u00fablica, com a decis\u00e3o de autorizar a interven\u00e7\u00e3o nessa \u00e1rea no Rio, anunciada em fevereiro. Sem conseguir apoio no Congresso, tamb\u00e9m deixou de lado a desgastante proposta de reforma previdenci\u00e1ria. E, agora, j\u00e1 sinaliza com a possibilidade de aumentar o valor do Bolsa Fam\u00edlia, mirando diretamente na camada mais pobre da popula\u00e7\u00e3o.<\/p>\n<p>Durante seu mandato, ele foi denunciado duas vezes pela Procuradoria Geral da Rep\u00fablica, com base nas dela\u00e7\u00f5es de executivos da JBS, mas as den\u00fancias foram derrubadas em vota\u00e7\u00e3o no plen\u00e1rio da C\u00e2mara.<\/p>\n<p><strong>CARIRI EM A\u00c7\u00c3O<\/strong><\/p>\n<p><em>Com Estad\u00e3o\/Foto:\u00a0 Estad\u00e3o<\/em><\/p>\n<p><strong>Leia mais not\u00edcias em\u00a0<\/strong><a href=\"http:\/\/www.caririemacao.com\/\"><strong>caririemacao.com<\/strong><\/a><strong>, siga nossa p\u00e1gina no\u00a0<\/strong><a href=\"https:\/\/www.facebook.com\/CaririEmAcao\/?ref=aymt_homepage_panel\"><strong>Facebook<\/strong><\/a>,<strong>\u00a0<\/strong><a href=\"https:\/\/www.instagram.com\/cariri_em_acao\/?hl=pt-br\"><strong>Instagram<\/strong><\/a><strong>\u00a0e\u00a0<\/strong><a href=\"https:\/\/www.youtube.com\/channel\/UCAptA0jQuYQy8vMhLt2m4qg\"><strong>Youtube<\/strong><\/a><strong>\u00a0e veja nossas mat\u00e9rias, v\u00eddeos e fotos. Voc\u00ea tamb\u00e9m pode enviar informa\u00e7\u00f5es \u00e0 Reda\u00e7\u00e3o do Portal Cariri em A\u00e7\u00e3o pelo WhatsApp (83) 9 9634.5791, (83) 9 9601-1162.<\/strong><\/p>\n","protected":false},"excerpt":{"rendered":"<p>O presidente Michel Temer j\u00e1 come\u00e7ou a avisar seus principais interlocutores que est\u00e1 disposto a disputar a reelei\u00e7\u00e3o presidencial,\u00a0conforme antecipou o BR18. Apesar dos baixos&hellip; <\/p>\n","protected":false},"author":2,"featured_media":44571,"comment_status":"closed","ping_status":"closed","sticky":false,"template":"","format":"standard","meta":{"sfsi_plus_gutenberg_text_before_share":"","sfsi_plus_gutenberg_show_text_before_share":"","sfsi_plus_gutenberg_icon_type":"","sfsi_plus_gutenberg_icon_alignemt":"","sfsi_plus_gutenburg_max_per_row":"","footnotes":""},"categories":[11],"tags":[],"class_list":["post-44570","post","type-post","status-publish","format-standard","has-post-thumbnail","hentry","category-politica"],"_links":{"self":[{"href":"https:\/\/www.caririemacao.com\/1\/wp-json\/wp\/v2\/posts\/44570","targetHints":{"allow":["GET"]}}],"collection":[{"href":"https:\/\/www.caririemacao.com\/1\/wp-json\/wp\/v2\/posts"}],"about":[{"href":"https:\/\/www.caririemacao.com\/1\/wp-json\/wp\/v2\/types\/post"}],"author":[{"embeddable":true,"href":"https:\/\/www.caririemacao.com\/1\/wp-json\/wp\/v2\/users\/2"}],"replies":[{"embeddable":true,"href":"https:\/\/www.caririemacao.com\/1\/wp-json\/wp\/v2\/comments?post=44570"}],"version-history":[{"count":0,"href":"https:\/\/www.caririemacao.com\/1\/wp-json\/wp\/v2\/posts\/44570\/revisions"}],"wp:featuredmedia":[{"embeddable":true,"href":"https:\/\/www.caririemacao.com\/1\/wp-json\/wp\/v2\/media\/44571"}],"wp:attachment":[{"href":"https:\/\/www.caririemacao.com\/1\/wp-json\/wp\/v2\/media?parent=44570"}],"wp:term":[{"taxonomy":"category","embeddable":true,"href":"https:\/\/www.caririemacao.com\/1\/wp-json\/wp\/v2\/categories?post=44570"},{"taxonomy":"post_tag","embeddable":true,"href":"https:\/\/www.caririemacao.com\/1\/wp-json\/wp\/v2\/tags?post=44570"}],"curies":[{"name":"wp","href":"https:\/\/api.w.org\/{rel}","templated":true}]}}