{"id":44573,"date":"2018-03-18T08:28:25","date_gmt":"2018-03-18T11:28:25","guid":{"rendered":"http:\/\/caririemacao.com\/1\/?p=44573"},"modified":"2018-03-18T08:28:25","modified_gmt":"2018-03-18T11:28:25","slug":"prefeitura-de-zabele-entrega-kit-esportivo-a-atleta-prata-da-casa-que-e-destaque-na-equipe-de-base-do-treze-f-c","status":"publish","type":"post","link":"https:\/\/www.caririemacao.com\/1\/2018\/03\/18\/prefeitura-de-zabele-entrega-kit-esportivo-a-atleta-prata-da-casa-que-e-destaque-na-equipe-de-base-do-treze-f-c\/","title":{"rendered":"Prefeitura de Zabel\u00ea entrega kit esportivo a atleta &#8220;prata da casa&#8221; que \u00e9 destaque na equipe de base do Treze F.C"},"content":{"rendered":"<div>A Prefeitura Municipal de Zabel\u00ea atrav\u00e9s da Secretaria de Esporte e Juventude, realizou nos \u00faltimos dias, a entrega de um kit profissional, contendo luvas, short, cal\u00e7a e mei\u00f5es para o jovem atleta Zabeleense Guilherme Alves, que atualmente comp\u00f5e o elenco de base do grande futebol paraibano, o Treze Futebol Clube.<\/div>\n<div>\nA Prefeitura proporciona todo o apoio necess\u00e1rio, como o transporte, alimenta\u00e7\u00e3o e estadia necess\u00e1ria. Vale ressaltar que o clube est\u00e1 se destacando em v\u00e1rios campeonatos.<\/div>\n<div>\nSegundo o Prefeito Dalyson Neves: &#8220;<em>Estamos dispostos a apoiar demais atletas, visando sempre incentivar o esporte no munic\u00edpio, pois sabemos a import\u00e2ncia do esporte como ferramenta de constru\u00e7\u00e3o cidad\u00e3<\/em>&#8220;, frisou o Prefeito.<\/div>\n<div><\/div>\n<div><a href=\"http:\/\/caririemacao.com\/1\/?attachment_id=44578\" rel=\"attachment wp-att-44578\"><img fetchpriority=\"high\" decoding=\"async\" class=\"aligncenter size-full wp-image-44578\" src=\"http:\/\/caririemacao.com\/1\/wp-content\/uploads\/2018\/03\/29178493_971552829673662_5468693686613180416_n.jpg\" alt=\"\" width=\"300\" height=\"400\" srcset=\"https:\/\/www.caririemacao.com\/1\/wp-content\/uploads\/2018\/03\/29178493_971552829673662_5468693686613180416_n.jpg 300w, https:\/\/www.caririemacao.com\/1\/wp-content\/uploads\/2018\/03\/29178493_971552829673662_5468693686613180416_n-225x300.jpg 225w\" sizes=\"(max-width: 300px) 100vw, 300px\" \/><\/a><\/div>\n<div>\n<p><strong>CARIRI EM A\u00c7\u00c3O<\/strong><\/p>\n<p><em>Com Ascom PMZ\/Foto: Ascom<\/em><\/p>\n<p><strong>Leia mais not\u00edcias em\u00a0<\/strong><a href=\"http:\/\/www.caririemacao.com\/\"><strong>caririemacao.com<\/strong><\/a><strong>, siga nossa p\u00e1gina no\u00a0<\/strong><a href=\"https:\/\/www.facebook.com\/CaririEmAcao\/?ref=aymt_homepage_panel\"><strong>Facebook<\/strong><\/a>,<strong>\u00a0<\/strong><a href=\"https:\/\/www.instagram.com\/cariri_em_acao\/?hl=pt-br\"><strong>Instagram<\/strong><\/a><strong>\u00a0e\u00a0<\/strong><a href=\"https:\/\/www.youtube.com\/channel\/UCAptA0jQuYQy8vMhLt2m4qg\"><strong>Youtube<\/strong><\/a><strong>\u00a0e veja nossas mat\u00e9rias, v\u00eddeos e fotos. Voc\u00ea tamb\u00e9m pode enviar informa\u00e7\u00f5es \u00e0 Reda\u00e7\u00e3o do Portal Cariri em A\u00e7\u00e3o pelo WhatsApp (83) 9 9634.5791, (83) 9 9601-1162.<\/strong><\/p>\n<\/div>\n","protected":false},"excerpt":{"rendered":"<p>A Prefeitura Municipal de Zabel\u00ea atrav\u00e9s da Secretaria de Esporte e Juventude, realizou nos \u00faltimos dias, a entrega de um kit profissional, contendo luvas, short,&hellip; <\/p>\n","protected":false},"author":2,"featured_media":44577,"comment_status":"closed","ping_status":"closed","sticky":false,"template":"","format":"standard","meta":{"sfsi_plus_gutenberg_text_before_share":"","sfsi_plus_gutenberg_show_text_before_share":"","sfsi_plus_gutenberg_icon_type":"","sfsi_plus_gutenberg_icon_alignemt":"","sfsi_plus_gutenburg_max_per_row":"","footnotes":""},"categories":[6],"tags":[],"class_list":["post-44573","post","type-post","status-publish","format-standard","has-post-thumbnail","hentry","category-cidades"],"_links":{"self":[{"href":"https:\/\/www.caririemacao.com\/1\/wp-json\/wp\/v2\/posts\/44573","targetHints":{"allow":["GET"]}}],"collection":[{"href":"https:\/\/www.caririemacao.com\/1\/wp-json\/wp\/v2\/posts"}],"about":[{"href":"https:\/\/www.caririemacao.com\/1\/wp-json\/wp\/v2\/types\/post"}],"author":[{"embeddable":true,"href":"https:\/\/www.caririemacao.com\/1\/wp-json\/wp\/v2\/users\/2"}],"replies":[{"embeddable":true,"href":"https:\/\/www.caririemacao.com\/1\/wp-json\/wp\/v2\/comments?post=44573"}],"version-history":[{"count":0,"href":"https:\/\/www.caririemacao.com\/1\/wp-json\/wp\/v2\/posts\/44573\/revisions"}],"wp:featuredmedia":[{"embeddable":true,"href":"https:\/\/www.caririemacao.com\/1\/wp-json\/wp\/v2\/media\/44577"}],"wp:attachment":[{"href":"https:\/\/www.caririemacao.com\/1\/wp-json\/wp\/v2\/media?parent=44573"}],"wp:term":[{"taxonomy":"category","embeddable":true,"href":"https:\/\/www.caririemacao.com\/1\/wp-json\/wp\/v2\/categories?post=44573"},{"taxonomy":"post_tag","embeddable":true,"href":"https:\/\/www.caririemacao.com\/1\/wp-json\/wp\/v2\/tags?post=44573"}],"curies":[{"name":"wp","href":"https:\/\/api.w.org\/{rel}","templated":true}]}}