{"id":44580,"date":"2018-03-18T08:33:31","date_gmt":"2018-03-18T11:33:31","guid":{"rendered":"http:\/\/caririemacao.com\/1\/?p=44580"},"modified":"2018-03-18T08:51:38","modified_gmt":"2018-03-18T11:51:38","slug":"ginasio-de-esportes-em-sao-jose-dos-cordeiros-ganha-nova-iluminacao","status":"publish","type":"post","link":"https:\/\/www.caririemacao.com\/1\/2018\/03\/18\/ginasio-de-esportes-em-sao-jose-dos-cordeiros-ganha-nova-iluminacao\/","title":{"rendered":"Gin\u00e1sio de Esportes em S\u00e3o Jos\u00e9 dos Cordeiros ganha nova ilumina\u00e7\u00e3o"},"content":{"rendered":"<div>A Prefeitura Municipal de S\u00e3o Jos\u00e9 dos Cordeiros -PB, recuperou nos \u00faltimos dias, a ilumina\u00e7\u00e3o do gin\u00e1sio poliesportivo localizado na sede da cidade, ofertando melhores servi\u00e7os aos desportistas.<\/div>\n<div>A pra\u00e7a esportiva passou por reparos em sua ilumina\u00e7\u00e3o, sendo totalmente recuperada, dando mais conforto e melhorias na pratica nas modalidades esportivas praticadas pelos desportistas cordeirenses.<\/div>\n<div>Segundo o Prefeito Jefferson Roberto: &#8220;<em>Aos poucos iremos melhorar as condi\u00e7\u00f5es das quadras localizadas na zona rural de nossa cidade. Estamos trabalhando para ofertar melhores condi\u00e7\u00f5es da pr\u00e1tica de esportes a nossa popula\u00e7\u00e3o<\/em>&#8220;, pontuou o Prefeito.<\/div>\n<div>\n<p><strong>CARIRI EM A\u00c7\u00c3O<\/strong><\/p>\n<p><em>Com Ascom PMSJC\/Foto:\u00a0Ascom PMSJC<\/em><\/p>\n<p><strong>Leia mais not\u00edcias em\u00a0<\/strong><a href=\"http:\/\/www.caririemacao.com\/\"><strong>caririemacao.com<\/strong><\/a><strong>, siga nossa p\u00e1gina no\u00a0<\/strong><a href=\"https:\/\/www.facebook.com\/CaririEmAcao\/?ref=aymt_homepage_panel\"><strong>Facebook<\/strong><\/a>,<strong>\u00a0<\/strong><a href=\"https:\/\/www.instagram.com\/cariri_em_acao\/?hl=pt-br\"><strong>Instagram<\/strong><\/a><strong>\u00a0e\u00a0<\/strong><a href=\"https:\/\/www.youtube.com\/channel\/UCAptA0jQuYQy8vMhLt2m4qg\"><strong>Youtube<\/strong><\/a><strong>\u00a0e veja nossas mat\u00e9rias, v\u00eddeos e fotos. Voc\u00ea tamb\u00e9m pode enviar informa\u00e7\u00f5es \u00e0 Reda\u00e7\u00e3o do Portal Cariri em A\u00e7\u00e3o pelo WhatsApp (83) 9 9634.5791, (83) 9 9601-1162.<\/strong><\/p>\n<\/div>\n","protected":false},"excerpt":{"rendered":"<p>A Prefeitura Municipal de S\u00e3o Jos\u00e9 dos Cordeiros -PB, recuperou nos \u00faltimos dias, a ilumina\u00e7\u00e3o do gin\u00e1sio poliesportivo localizado na sede da cidade, ofertando melhores&hellip; <\/p>\n","protected":false},"author":2,"featured_media":44581,"comment_status":"closed","ping_status":"closed","sticky":false,"template":"","format":"standard","meta":{"sfsi_plus_gutenberg_text_before_share":"","sfsi_plus_gutenberg_show_text_before_share":"","sfsi_plus_gutenberg_icon_type":"","sfsi_plus_gutenberg_icon_alignemt":"","sfsi_plus_gutenburg_max_per_row":"","footnotes":""},"categories":[11],"tags":[],"class_list":["post-44580","post","type-post","status-publish","format-standard","has-post-thumbnail","hentry","category-politica"],"_links":{"self":[{"href":"https:\/\/www.caririemacao.com\/1\/wp-json\/wp\/v2\/posts\/44580","targetHints":{"allow":["GET"]}}],"collection":[{"href":"https:\/\/www.caririemacao.com\/1\/wp-json\/wp\/v2\/posts"}],"about":[{"href":"https:\/\/www.caririemacao.com\/1\/wp-json\/wp\/v2\/types\/post"}],"author":[{"embeddable":true,"href":"https:\/\/www.caririemacao.com\/1\/wp-json\/wp\/v2\/users\/2"}],"replies":[{"embeddable":true,"href":"https:\/\/www.caririemacao.com\/1\/wp-json\/wp\/v2\/comments?post=44580"}],"version-history":[{"count":0,"href":"https:\/\/www.caririemacao.com\/1\/wp-json\/wp\/v2\/posts\/44580\/revisions"}],"wp:featuredmedia":[{"embeddable":true,"href":"https:\/\/www.caririemacao.com\/1\/wp-json\/wp\/v2\/media\/44581"}],"wp:attachment":[{"href":"https:\/\/www.caririemacao.com\/1\/wp-json\/wp\/v2\/media?parent=44580"}],"wp:term":[{"taxonomy":"category","embeddable":true,"href":"https:\/\/www.caririemacao.com\/1\/wp-json\/wp\/v2\/categories?post=44580"},{"taxonomy":"post_tag","embeddable":true,"href":"https:\/\/www.caririemacao.com\/1\/wp-json\/wp\/v2\/tags?post=44580"}],"curies":[{"name":"wp","href":"https:\/\/api.w.org\/{rel}","templated":true}]}}