{"id":44593,"date":"2018-03-18T18:06:57","date_gmt":"2018-03-18T21:06:57","guid":{"rendered":"http:\/\/caririemacao.com\/1\/?p=44593"},"modified":"2018-03-19T08:04:16","modified_gmt":"2018-03-19T11:04:16","slug":"camalau-realiza-missa-do-vaqueiro-neste-domingo-18","status":"publish","type":"post","link":"https:\/\/www.caririemacao.com\/1\/2018\/03\/18\/camalau-realiza-missa-do-vaqueiro-neste-domingo-18\/","title":{"rendered":"Camala\u00fa realiza Missa do Vaqueiro neste domingo (18)"},"content":{"rendered":"<p>A Igreja S\u00e3o Jos\u00e9 realizou durante a programa\u00e7\u00e3o festiva ao padroeiro da cidade de Camala\u00fa a tradicional Missa do Vaqueiro, que h\u00e1 muito tempo era promovida no munic\u00edpio.<\/p>\n<p><a href=\"http:\/\/caririemacao.com\/1\/?attachment_id=44605\" rel=\"attachment wp-att-44605\"><img fetchpriority=\"high\" decoding=\"async\" class=\"aligncenter size-full wp-image-44605\" src=\"http:\/\/caririemacao.com\/1\/wp-content\/uploads\/2018\/03\/DSC_0192.jpg\" alt=\"\" width=\"800\" height=\"533\" srcset=\"https:\/\/www.caririemacao.com\/1\/wp-content\/uploads\/2018\/03\/DSC_0192.jpg 800w, https:\/\/www.caririemacao.com\/1\/wp-content\/uploads\/2018\/03\/DSC_0192-300x200.jpg 300w, https:\/\/www.caririemacao.com\/1\/wp-content\/uploads\/2018\/03\/DSC_0192-768x512.jpg 768w\" sizes=\"(max-width: 800px) 100vw, 800px\" \/><\/a><\/p>\n<p>A Missa celebrada pelo padre Edinaldo teve in\u00edcio por volta das 11h e contou com a presen\u00e7a de dezenas de vaqueiros do munic\u00edpio e da regi\u00e3o, entre eles aboiadores e adeptos da <em>&#8216;Vaquejada&#8217; <\/em>e<em> &#8216;Pega de Boi&#8217;<\/em>.<\/p>\n<p><a href=\"http:\/\/caririemacao.com\/1\/?attachment_id=44608\" rel=\"attachment wp-att-44608\"><img decoding=\"async\" class=\"aligncenter size-full wp-image-44608 lazyload\" data-src=\"http:\/\/caririemacao.com\/1\/wp-content\/uploads\/2018\/03\/page-2.jpg\" alt=\"\" width=\"900\" height=\"401\" data-srcset=\"https:\/\/www.caririemacao.com\/1\/wp-content\/uploads\/2018\/03\/page-2.jpg 900w, https:\/\/www.caririemacao.com\/1\/wp-content\/uploads\/2018\/03\/page-2-300x134.jpg 300w, https:\/\/www.caririemacao.com\/1\/wp-content\/uploads\/2018\/03\/page-2-768x342.jpg 768w\" data-sizes=\"(max-width: 900px) 100vw, 900px\" src=\"data:image\/svg+xml;base64,PHN2ZyB3aWR0aD0iMSIgaGVpZ2h0PSIxIiB4bWxucz0iaHR0cDovL3d3dy53My5vcmcvMjAwMC9zdmciPjwvc3ZnPg==\" style=\"--smush-placeholder-width: 900px; --smush-placeholder-aspect-ratio: 900\/401;\" \/><\/a><\/p>\n<p>Na ocasi\u00e3o, o prefeito Sandro, o vice-prefeito Ezequiel, vereadores e popula\u00e7\u00e3o tamb\u00e9m acompanharam as homenagens ao ex-organizador Antonio Gato (<em>In Memoriam<\/em>) e ao camalauense Galeguinho Rola, falecido em um tr\u00e1gico acidente.<\/p>\n<p>Ap\u00f3s a missa, que foi transmitida ao vivo pelo Cariri em A\u00e7\u00e3o, todos foram para o Parque Malaquias, de l\u00e1, foi iniciada uma grande pega de boi.<\/p>\n<p><a href=\"http:\/\/caririemacao.com\/1\/?attachment_id=44607\" rel=\"attachment wp-att-44607\"><img decoding=\"async\" class=\"aligncenter size-full wp-image-44607 lazyload\" data-src=\"http:\/\/caririemacao.com\/1\/wp-content\/uploads\/2018\/03\/IMG_3298.jpg\" alt=\"\" width=\"800\" height=\"533\" data-srcset=\"https:\/\/www.caririemacao.com\/1\/wp-content\/uploads\/2018\/03\/IMG_3298.jpg 800w, https:\/\/www.caririemacao.com\/1\/wp-content\/uploads\/2018\/03\/IMG_3298-300x200.jpg 300w, https:\/\/www.caririemacao.com\/1\/wp-content\/uploads\/2018\/03\/IMG_3298-768x512.jpg 768w\" data-sizes=\"(max-width: 800px) 100vw, 800px\" src=\"data:image\/svg+xml;base64,PHN2ZyB3aWR0aD0iMSIgaGVpZ2h0PSIxIiB4bWxucz0iaHR0cDovL3d3dy53My5vcmcvMjAwMC9zdmciPjwvc3ZnPg==\" style=\"--smush-placeholder-width: 800px; --smush-placeholder-aspect-ratio: 800\/533;\" \/><\/a><\/p>\n<p>O prefeito Sandro disse ao Cariri em A\u00e7\u00e3o que se sente feliz em poder dar o incentivo para retornar a Missa do Vaqueiro na cidade de Camala\u00fa. \u201cAgrade\u00e7o ao padre Edinaldo pela celebra\u00e7\u00e3o da Missa e pelo olhar especial a cultura camalauense. Agrade\u00e7o ainda a toda equipe que contribuiu para este momento especial que vive Camala\u00fa\u201d, destacou o prefeito.<\/p>\n<h4><a href=\"https:\/\/www.facebook.com\/302749469861083\/photos\/?tab=album&amp;album_id=1205105066292181\">Veja todas as fotos aqui\u00a0<\/a><\/h4>\n<p><strong>CARIRI EM A\u00c7\u00c3O<\/strong><\/p>\n<p style=\"font-style: inherit; font-weight: inherit;\"><strong style=\"font-style: inherit;\">Leia mais not\u00edcias em\u00a0<\/strong><a style=\"font-style: inherit; font-weight: inherit;\" href=\"http:\/\/www.caririemacao.com\/\"><strong style=\"font-style: inherit;\">caririemacao.com<\/strong><\/a><strong style=\"font-style: inherit;\">, siga nossa p\u00e1gina no\u00a0<\/strong><a style=\"font-style: inherit; font-weight: inherit;\" href=\"https:\/\/www.facebook.com\/CaririEmAcao\/?ref=aymt_homepage_panel\"><strong style=\"font-style: inherit;\">Facebook<\/strong><\/a>,<strong style=\"font-style: inherit;\">\u00a0<\/strong><a style=\"font-style: inherit; font-weight: inherit;\" href=\"https:\/\/www.instagram.com\/cariri_em_acao\/?hl=pt-br\"><strong style=\"font-style: inherit;\">Instagram<\/strong><\/a><strong style=\"font-style: inherit;\">\u00a0e\u00a0<\/strong><a style=\"font-style: inherit; font-weight: inherit;\" href=\"https:\/\/www.youtube.com\/channel\/UCAptA0jQuYQy8vMhLt2m4qg\"><strong style=\"font-style: inherit;\">Youtube<\/strong><\/a><strong style=\"font-style: inherit;\">\u00a0e veja nossas mat\u00e9rias, v\u00eddeos e fotos. Voc\u00ea tamb\u00e9m pode enviar informa\u00e7\u00f5es \u00e0 Reda\u00e7\u00e3o do Portal Cariri em A\u00e7\u00e3o pelo WhatsApp (83) 9 9634.5791, (83) 9 9601-1162.<\/strong><\/p>\n","protected":false},"excerpt":{"rendered":"<p>A Igreja S\u00e3o Jos\u00e9 realizou durante a programa\u00e7\u00e3o festiva ao padroeiro da cidade de Camala\u00fa a tradicional Missa do Vaqueiro, que h\u00e1 muito tempo era&hellip; <\/p>\n","protected":false},"author":2,"featured_media":44606,"comment_status":"closed","ping_status":"closed","sticky":false,"template":"","format":"standard","meta":{"sfsi_plus_gutenberg_text_before_share":"","sfsi_plus_gutenberg_show_text_before_share":"","sfsi_plus_gutenberg_icon_type":"","sfsi_plus_gutenberg_icon_alignemt":"","sfsi_plus_gutenburg_max_per_row":"","footnotes":""},"categories":[6],"tags":[],"class_list":["post-44593","post","type-post","status-publish","format-standard","has-post-thumbnail","hentry","category-cidades"],"_links":{"self":[{"href":"https:\/\/www.caririemacao.com\/1\/wp-json\/wp\/v2\/posts\/44593","targetHints":{"allow":["GET"]}}],"collection":[{"href":"https:\/\/www.caririemacao.com\/1\/wp-json\/wp\/v2\/posts"}],"about":[{"href":"https:\/\/www.caririemacao.com\/1\/wp-json\/wp\/v2\/types\/post"}],"author":[{"embeddable":true,"href":"https:\/\/www.caririemacao.com\/1\/wp-json\/wp\/v2\/users\/2"}],"replies":[{"embeddable":true,"href":"https:\/\/www.caririemacao.com\/1\/wp-json\/wp\/v2\/comments?post=44593"}],"version-history":[{"count":0,"href":"https:\/\/www.caririemacao.com\/1\/wp-json\/wp\/v2\/posts\/44593\/revisions"}],"wp:featuredmedia":[{"embeddable":true,"href":"https:\/\/www.caririemacao.com\/1\/wp-json\/wp\/v2\/media\/44606"}],"wp:attachment":[{"href":"https:\/\/www.caririemacao.com\/1\/wp-json\/wp\/v2\/media?parent=44593"}],"wp:term":[{"taxonomy":"category","embeddable":true,"href":"https:\/\/www.caririemacao.com\/1\/wp-json\/wp\/v2\/categories?post=44593"},{"taxonomy":"post_tag","embeddable":true,"href":"https:\/\/www.caririemacao.com\/1\/wp-json\/wp\/v2\/tags?post=44593"}],"curies":[{"name":"wp","href":"https:\/\/api.w.org\/{rel}","templated":true}]}}