{"id":44597,"date":"2018-03-18T16:16:05","date_gmt":"2018-03-18T19:16:05","guid":{"rendered":"http:\/\/caririemacao.com\/1\/?p=44597"},"modified":"2018-03-18T16:16:05","modified_gmt":"2018-03-18T19:16:05","slug":"grandes-produtores-rurais-sao-acusados-de-roubarem-agua-da-transposicao-entre-monteiro-e-boqueirao","status":"publish","type":"post","link":"https:\/\/www.caririemacao.com\/1\/2018\/03\/18\/grandes-produtores-rurais-sao-acusados-de-roubarem-agua-da-transposicao-entre-monteiro-e-boqueirao\/","title":{"rendered":"Grandes produtores rurais s\u00e3o acusados de roubarem \u00e1gua da transposi\u00e7\u00e3o entre Monteiro e Boqueir\u00e3o"},"content":{"rendered":"<p>O ecologista Roberto Almeida, da Associa\u00e7\u00e3o de Prote\u00e7\u00e3o Ambiental (Apam), denunciou em entrevista a R\u00e1dio Caturit\u00e9 AM, furto de \u00e1gua da transposi\u00e7\u00e3o no Rio S\u00e3o Para\u00edba, na Para\u00edba por grandes produtores. Os desvios estariam sendo feito no caminho das \u00e1guas entre as cidades de Monteiro e o A\u00e7ude Epit\u00e1cio Pessoa em Boqueir\u00e3o.<\/p>\n<p>Roberto Almeida destacou que, enquanto algumas pessoas brigam contra libera\u00e7\u00e3o de \u00e1gua para Acau\u00e3, existem desvios de um volume muito maior.<\/p>\n<p>O ambientalista informou que a Apam n\u00e3o conseguiu precisar o local onde ocorrem os furtos, pois essa informa\u00e7\u00e3o s\u00f3 poderia ser captada atrav\u00e9s de um dispositivo a\u00e9reo.<\/p>\n<p>Ele destacou ainda que a Apam est\u00e1 preparando um documento que ser\u00e1 entregue ao Ibama, ao Minist\u00e9rio P\u00fablico Federal e demais entidades p\u00fablicas para que uma provid\u00eancia seja tomada.<\/p>\n<p>Ele ressaltou que \u00e9 preciso que exista uma fiscaliza\u00e7\u00e3o, principalmente ap\u00f3s as 18h.<\/p>\n<p><img decoding=\"async\" class=\"alignnone size-medium wp-image-8768 alignright lazyload\" data-src=\"http:\/\/www.vitrinedocariri.com.br\/wp-content\/uploads\/2018\/03\/ambientalista_roberto_almeida-300x165.jpg\" alt=\"\" width=\"300\" height=\"165\" src=\"data:image\/svg+xml;base64,PHN2ZyB3aWR0aD0iMSIgaGVpZ2h0PSIxIiB4bWxucz0iaHR0cDovL3d3dy53My5vcmcvMjAwMC9zdmciPjwvc3ZnPg==\" style=\"--smush-placeholder-width: 300px; --smush-placeholder-aspect-ratio: 300\/165;\" \/>\u2013 A situa\u00e7\u00e3o \u00e9 muito mais dif\u00edcil do que se pensa. Enquanto as pessoas est\u00e3o brigando porque foi liberado cinco milh\u00f5es de metros c\u00fabicos at\u00e9 Acau\u00e3, a situa\u00e7\u00e3o de Boqueir\u00e3o quem quiser, v\u00e1 l\u00e1 ver. Alguns latifundi\u00e1rios chegam com equipamentos e bombas de alto porte. Tem gente enchendo barreiros. Muito mais do que cinco milh\u00f5es de metros c\u00fabicos est\u00e3o sendo desviados por grandes produtores \u2013 enfatizou Roberto Almeida (foto).<\/p>\n<p><strong>CARIRI EM A\u00c7\u00c3O<\/strong><\/p>\n<p>PBAgora<\/p>\n<p><strong>Leia mais not\u00edcias em\u00a0<\/strong><a style=\"font-style: inherit; font-weight: inherit;\" href=\"http:\/\/www.caririemacao.com\/\"><strong style=\"font-style: inherit;\">caririemacao.com<\/strong><\/a><strong style=\"font-style: inherit;\">, siga nossa p\u00e1gina no\u00a0<\/strong><a style=\"font-style: inherit; font-weight: inherit;\" href=\"https:\/\/www.facebook.com\/CaririEmAcao\/?ref=aymt_homepage_panel\"><strong style=\"font-style: inherit;\">Facebook<\/strong><\/a>,<strong style=\"font-style: inherit;\">\u00a0<\/strong><a style=\"font-style: inherit; font-weight: inherit;\" href=\"https:\/\/www.instagram.com\/cariri_em_acao\/?hl=pt-br\"><strong style=\"font-style: inherit;\">Instagram<\/strong><\/a><strong style=\"font-style: inherit;\">\u00a0e\u00a0<\/strong><a style=\"font-style: inherit; font-weight: inherit;\" href=\"https:\/\/www.youtube.com\/channel\/UCAptA0jQuYQy8vMhLt2m4qg\"><strong style=\"font-style: inherit;\">Youtube<\/strong><\/a><strong style=\"font-style: inherit;\">\u00a0e veja nossas mat\u00e9rias, v\u00eddeos e fotos. Voc\u00ea tamb\u00e9m pode enviar informa\u00e7\u00f5es \u00e0 Reda\u00e7\u00e3o do Portal Cariri em A\u00e7\u00e3o pelo WhatsApp (83) 9 9634.5791, (83) 9 9601-1162.<\/strong><\/p>\n","protected":false},"excerpt":{"rendered":"<p>O ecologista Roberto Almeida, da Associa\u00e7\u00e3o de Prote\u00e7\u00e3o Ambiental (Apam), denunciou em entrevista a R\u00e1dio Caturit\u00e9 AM, furto de \u00e1gua da transposi\u00e7\u00e3o no Rio S\u00e3o&hellip; <\/p>\n","protected":false},"author":2,"featured_media":44598,"comment_status":"closed","ping_status":"closed","sticky":false,"template":"","format":"standard","meta":{"sfsi_plus_gutenberg_text_before_share":"","sfsi_plus_gutenberg_show_text_before_share":"","sfsi_plus_gutenberg_icon_type":"","sfsi_plus_gutenberg_icon_alignemt":"","sfsi_plus_gutenburg_max_per_row":"","footnotes":""},"categories":[2],"tags":[],"class_list":["post-44597","post","type-post","status-publish","format-standard","has-post-thumbnail","hentry","category-geral"],"_links":{"self":[{"href":"https:\/\/www.caririemacao.com\/1\/wp-json\/wp\/v2\/posts\/44597","targetHints":{"allow":["GET"]}}],"collection":[{"href":"https:\/\/www.caririemacao.com\/1\/wp-json\/wp\/v2\/posts"}],"about":[{"href":"https:\/\/www.caririemacao.com\/1\/wp-json\/wp\/v2\/types\/post"}],"author":[{"embeddable":true,"href":"https:\/\/www.caririemacao.com\/1\/wp-json\/wp\/v2\/users\/2"}],"replies":[{"embeddable":true,"href":"https:\/\/www.caririemacao.com\/1\/wp-json\/wp\/v2\/comments?post=44597"}],"version-history":[{"count":0,"href":"https:\/\/www.caririemacao.com\/1\/wp-json\/wp\/v2\/posts\/44597\/revisions"}],"wp:featuredmedia":[{"embeddable":true,"href":"https:\/\/www.caririemacao.com\/1\/wp-json\/wp\/v2\/media\/44598"}],"wp:attachment":[{"href":"https:\/\/www.caririemacao.com\/1\/wp-json\/wp\/v2\/media?parent=44597"}],"wp:term":[{"taxonomy":"category","embeddable":true,"href":"https:\/\/www.caririemacao.com\/1\/wp-json\/wp\/v2\/categories?post=44597"},{"taxonomy":"post_tag","embeddable":true,"href":"https:\/\/www.caririemacao.com\/1\/wp-json\/wp\/v2\/tags?post=44597"}],"curies":[{"name":"wp","href":"https:\/\/api.w.org\/{rel}","templated":true}]}}