{"id":44686,"date":"2018-03-19T17:51:05","date_gmt":"2018-03-19T20:51:05","guid":{"rendered":"http:\/\/caririemacao.com\/1\/?p=44686"},"modified":"2018-03-20T07:06:32","modified_gmt":"2018-03-20T10:06:32","slug":"prefeitura-e-governo-do-estado-assinam-termo-de-cessao-da-escola-raulino-maracaja-em-gurjao","status":"publish","type":"post","link":"https:\/\/www.caririemacao.com\/1\/2018\/03\/19\/prefeitura-e-governo-do-estado-assinam-termo-de-cessao-da-escola-raulino-maracaja-em-gurjao\/","title":{"rendered":"Prefeitura e Governo do Estado assinam termo de cess\u00e3o da Escola Raulino Maracaj\u00e1, em Gurj\u00e3o"},"content":{"rendered":"<p>A prefeitura de Gurj\u00e3o e o Governo do Estado assinaram nesta sexta-feira (16) um termo de cess\u00e3o referente ao pr\u00e9dio da Escola Raulino Maracaj\u00e1.<\/p>\n<p>O pr\u00e9dio foi cedido pelo Governo da Para\u00edba \u00e0 Prefeitura Municipal de Gurj\u00e3o. O prefeito Ronaldo disse que a escola ser\u00e1 utilizada para ampliar as vagas do Ensino Fundamental do munic\u00edpio.<\/p>\n<p>Lembrando que o nome da Escola Estadual Raulino Maracaj\u00e1 foi modificado para Escola Municipal Raulino Maracaj\u00e1, atrav\u00e9s de um projeto de lei aprovado pela C\u00e2mara Municipal.<\/p>\n<p>Na ocasi\u00e3o, o prefeito Ronaldo Queiroz, esteve ao lado da equipe da Secretaria de Educa\u00e7\u00e3o do Estado, do presidente da C\u00e2mara Municipal, Adailsinho Queiroz, da vereadora Elizete, e da diretora Escola Estadual Juarez Maracaj\u00e1, Ana Luiza.<\/p>\n<p><strong>CARIRI EM A\u00c7\u00c3O<\/strong><\/p>\n<p><strong>Leia mais not\u00edcias em\u00a0<\/strong><a style=\"font-style: inherit; font-weight: inherit;\" href=\"http:\/\/www.caririemacao.com\/\"><strong style=\"font-style: inherit;\">caririemacao.com<\/strong><\/a><strong style=\"font-style: inherit;\">, siga nossa p\u00e1gina no\u00a0<\/strong><a style=\"font-style: inherit; font-weight: inherit;\" href=\"https:\/\/www.facebook.com\/CaririEmAcao\/?ref=aymt_homepage_panel\"><strong style=\"font-style: inherit;\">Facebook<\/strong><\/a>,<strong style=\"font-style: inherit;\">\u00a0<\/strong><a style=\"font-style: inherit; font-weight: inherit;\" href=\"https:\/\/www.instagram.com\/cariri_em_acao\/?hl=pt-br\"><strong style=\"font-style: inherit;\">Instagram<\/strong><\/a><strong style=\"font-style: inherit;\">\u00a0e\u00a0<\/strong><a style=\"font-style: inherit; font-weight: inherit;\" href=\"https:\/\/www.youtube.com\/channel\/UCAptA0jQuYQy8vMhLt2m4qg\"><strong style=\"font-style: inherit;\">Youtube<\/strong><\/a><strong style=\"font-style: inherit;\">\u00a0e veja nossas mat\u00e9rias, v\u00eddeos e fotos. Voc\u00ea tamb\u00e9m pode enviar informa\u00e7\u00f5es \u00e0 Reda\u00e7\u00e3o do Portal Cariri em A\u00e7\u00e3o pelo WhatsApp (83) 9 9634.5791, (83) 9 9601-1162.<\/strong><\/p>\n","protected":false},"excerpt":{"rendered":"<p>A prefeitura de Gurj\u00e3o e o Governo do Estado assinaram nesta sexta-feira (16) um termo de cess\u00e3o referente ao pr\u00e9dio da Escola Raulino Maracaj\u00e1. O&hellip; <\/p>\n","protected":false},"author":2,"featured_media":44687,"comment_status":"closed","ping_status":"closed","sticky":false,"template":"","format":"standard","meta":{"sfsi_plus_gutenberg_text_before_share":"","sfsi_plus_gutenberg_show_text_before_share":"","sfsi_plus_gutenberg_icon_type":"","sfsi_plus_gutenberg_icon_alignemt":"","sfsi_plus_gutenburg_max_per_row":"","footnotes":""},"categories":[6],"tags":[],"class_list":["post-44686","post","type-post","status-publish","format-standard","has-post-thumbnail","hentry","category-cidades"],"_links":{"self":[{"href":"https:\/\/www.caririemacao.com\/1\/wp-json\/wp\/v2\/posts\/44686","targetHints":{"allow":["GET"]}}],"collection":[{"href":"https:\/\/www.caririemacao.com\/1\/wp-json\/wp\/v2\/posts"}],"about":[{"href":"https:\/\/www.caririemacao.com\/1\/wp-json\/wp\/v2\/types\/post"}],"author":[{"embeddable":true,"href":"https:\/\/www.caririemacao.com\/1\/wp-json\/wp\/v2\/users\/2"}],"replies":[{"embeddable":true,"href":"https:\/\/www.caririemacao.com\/1\/wp-json\/wp\/v2\/comments?post=44686"}],"version-history":[{"count":0,"href":"https:\/\/www.caririemacao.com\/1\/wp-json\/wp\/v2\/posts\/44686\/revisions"}],"wp:featuredmedia":[{"embeddable":true,"href":"https:\/\/www.caririemacao.com\/1\/wp-json\/wp\/v2\/media\/44687"}],"wp:attachment":[{"href":"https:\/\/www.caririemacao.com\/1\/wp-json\/wp\/v2\/media?parent=44686"}],"wp:term":[{"taxonomy":"category","embeddable":true,"href":"https:\/\/www.caririemacao.com\/1\/wp-json\/wp\/v2\/categories?post=44686"},{"taxonomy":"post_tag","embeddable":true,"href":"https:\/\/www.caririemacao.com\/1\/wp-json\/wp\/v2\/tags?post=44686"}],"curies":[{"name":"wp","href":"https:\/\/api.w.org\/{rel}","templated":true}]}}