{"id":44689,"date":"2018-03-19T22:02:42","date_gmt":"2018-03-20T01:02:42","guid":{"rendered":"http:\/\/caririemacao.com\/1\/?p=44689"},"modified":"2018-03-20T06:41:24","modified_gmt":"2018-03-20T09:41:24","slug":"municao-usada-na-morte-de-marielle-e-do-mesmo-lote-usado-em-acao-criminosa-no-cariri","status":"publish","type":"post","link":"https:\/\/www.caririemacao.com\/1\/2018\/03\/19\/municao-usada-na-morte-de-marielle-e-do-mesmo-lote-usado-em-acao-criminosa-no-cariri\/","title":{"rendered":"Muni\u00e7\u00e3o usada na morte de Marielle \u00e9 do mesmo lote usado em a\u00e7\u00e3o criminosa no Cariri"},"content":{"rendered":"<p>Minist\u00e9rio da Seguran\u00e7a diz que muni\u00e7\u00e3o usada na morte de Marielle Franco s\u00e3o do mesmo lote das usadas por bandidos na a\u00e7\u00e3o contra os Correios de Serra Branca.<\/p>\n<p>O Minist\u00e9rio da Seguran\u00e7a P\u00fablica informou nesta segunda-feira (19) que c\u00e1psulas de muni\u00e7\u00e3o do mesmo lote usado na morte da vereadora do Rio Marielle Franco e do motorista Anderson Gomes foram encontradas em uma ag\u00eancia dos Correios da Para\u00edba ap\u00f3s um assalto.<\/p>\n<p>A nota divulgada nesta segunda-feira, por sua vez, informa que houve um arrombamento na ag\u00eancia dos Correios de Serra Branca, na Para\u00edba, em 24 de julho de 2017 e que, ali, foram encontradas c\u00e1psulas do mesmo lote.<\/p>\n<p>O minist\u00e9rio afirma que Jungmann \u201cn\u00e3o associou diretamente o epis\u00f3dio da Para\u00edba com as c\u00e1psulas encontradas no local do crime que vitimou a vereadora e seu motorista\u201d. Segundo o texto, Jungmann citou o epis\u00f3dio da Para\u00edba como um dos exemplos de muni\u00e7\u00e3o roubada que acabou na m\u00e3o de criminosos.<\/p>\n<p><strong>CARIRI EM A\u00c7\u00c3O<\/strong><\/p>\n<p><em>Com G1\/Foto:Reprodu\u00e7\u00e3o google<\/em><\/p>\n<p><strong>Leia mais not\u00edcias em\u00a0<\/strong><a href=\"http:\/\/www.caririemacao.com\/\"><strong>caririemacao.com<\/strong><\/a><strong>, siga nossa p\u00e1gina no\u00a0<\/strong><a href=\"https:\/\/www.facebook.com\/CaririEmAcao\/?ref=aymt_homepage_panel\"><strong>Facebook<\/strong><\/a>,<strong>\u00a0<\/strong><a href=\"https:\/\/www.instagram.com\/cariri_em_acao\/?hl=pt-br\"><strong>Instagram<\/strong><\/a><strong>\u00a0e\u00a0<\/strong><a href=\"https:\/\/www.youtube.com\/channel\/UCAptA0jQuYQy8vMhLt2m4qg\"><strong>Youtube<\/strong><\/a><strong>\u00a0e veja nossas mat\u00e9rias, v\u00eddeos e fotos. Voc\u00ea tamb\u00e9m pode enviar informa\u00e7\u00f5es \u00e0 Reda\u00e7\u00e3o do Portal Cariri em A\u00e7\u00e3o pelo WhatsApp (83) 9 9634.5791, (83) 9 9601-1162.<\/strong><\/p>\n","protected":false},"excerpt":{"rendered":"<p>Minist\u00e9rio da Seguran\u00e7a diz que muni\u00e7\u00e3o usada na morte de Marielle Franco s\u00e3o do mesmo lote das usadas por bandidos na a\u00e7\u00e3o contra os Correios&hellip; <\/p>\n","protected":false},"author":2,"featured_media":39138,"comment_status":"closed","ping_status":"closed","sticky":false,"template":"","format":"standard","meta":{"sfsi_plus_gutenberg_text_before_share":"","sfsi_plus_gutenberg_show_text_before_share":"","sfsi_plus_gutenberg_icon_type":"","sfsi_plus_gutenberg_icon_alignemt":"","sfsi_plus_gutenburg_max_per_row":"","footnotes":""},"categories":[12],"tags":[],"class_list":["post-44689","post","type-post","status-publish","format-standard","has-post-thumbnail","hentry","category-policia"],"_links":{"self":[{"href":"https:\/\/www.caririemacao.com\/1\/wp-json\/wp\/v2\/posts\/44689","targetHints":{"allow":["GET"]}}],"collection":[{"href":"https:\/\/www.caririemacao.com\/1\/wp-json\/wp\/v2\/posts"}],"about":[{"href":"https:\/\/www.caririemacao.com\/1\/wp-json\/wp\/v2\/types\/post"}],"author":[{"embeddable":true,"href":"https:\/\/www.caririemacao.com\/1\/wp-json\/wp\/v2\/users\/2"}],"replies":[{"embeddable":true,"href":"https:\/\/www.caririemacao.com\/1\/wp-json\/wp\/v2\/comments?post=44689"}],"version-history":[{"count":0,"href":"https:\/\/www.caririemacao.com\/1\/wp-json\/wp\/v2\/posts\/44689\/revisions"}],"wp:featuredmedia":[{"embeddable":true,"href":"https:\/\/www.caririemacao.com\/1\/wp-json\/wp\/v2\/media\/39138"}],"wp:attachment":[{"href":"https:\/\/www.caririemacao.com\/1\/wp-json\/wp\/v2\/media?parent=44689"}],"wp:term":[{"taxonomy":"category","embeddable":true,"href":"https:\/\/www.caririemacao.com\/1\/wp-json\/wp\/v2\/categories?post=44689"},{"taxonomy":"post_tag","embeddable":true,"href":"https:\/\/www.caririemacao.com\/1\/wp-json\/wp\/v2\/tags?post=44689"}],"curies":[{"name":"wp","href":"https:\/\/api.w.org\/{rel}","templated":true}]}}