{"id":44693,"date":"2018-03-20T06:44:07","date_gmt":"2018-03-20T09:44:07","guid":{"rendered":"http:\/\/caririemacao.com\/1\/?p=44693"},"modified":"2018-03-20T06:48:11","modified_gmt":"2018-03-20T09:48:11","slug":"bandidos-param-carro-forte-a-tiros-de-fuzil-explodem-veiculo-na-br-230-e-fogem-levando-malotes-de-dinheiro","status":"publish","type":"post","link":"https:\/\/www.caririemacao.com\/1\/2018\/03\/20\/bandidos-param-carro-forte-a-tiros-de-fuzil-explodem-veiculo-na-br-230-e-fogem-levando-malotes-de-dinheiro\/","title":{"rendered":"Bandidos param carro-forte a tiros de fuzil, explodem ve\u00edculo na BR-230 e fogem levando malotes de dinheiro"},"content":{"rendered":"<div>Um carro-forte foi explodido no in\u00edcio da noite desta segunda-feira (19), na BR-230, na entrada da cidade de Pedras de Fogo, na Regi\u00e3o Metropolitana de Jo\u00e3o Pessoa.<\/div>\n<div><\/div>\n<div>De acordo com a PRF, o carro-forte seguia pela rodovia federal quando foi ultrapassado por um ve\u00edculo onde os ocupantes efetuaram tiros de fuzil contra o carro de uma empresa de transportes de valores.<\/div>\n<div><\/div>\n<div>Os vigilantes pararam e os bandidos explodiram o carro. Os criminosos fugiram levando malotes de dinheiro. Um dos vigilantes teria ficado ferido.<\/div>\n<div><\/div>\n<div>Os bandidos fugiram e o ve\u00edculo usado na fuga foi localizado.<\/div>\n<div>\n<p><strong>CARIRI EM A\u00c7\u00c3O<\/strong><\/p>\n<p><em>Com PB Hoje\/Foto:\u00a0PB Hoje<\/em><\/p>\n<p><strong>Leia mais not\u00edcias em\u00a0<\/strong><a href=\"http:\/\/www.caririemacao.com\/\"><strong>caririemacao.com<\/strong><\/a><strong>, siga nossa p\u00e1gina no\u00a0<\/strong><a href=\"https:\/\/www.facebook.com\/CaririEmAcao\/?ref=aymt_homepage_panel\"><strong>Facebook<\/strong><\/a>,<strong>\u00a0<\/strong><a href=\"https:\/\/www.instagram.com\/cariri_em_acao\/?hl=pt-br\"><strong>Instagram<\/strong><\/a><strong>\u00a0e\u00a0<\/strong><a href=\"https:\/\/www.youtube.com\/channel\/UCAptA0jQuYQy8vMhLt2m4qg\"><strong>Youtube<\/strong><\/a><strong>\u00a0e veja nossas mat\u00e9rias, v\u00eddeos e fotos. Voc\u00ea tamb\u00e9m pode enviar informa\u00e7\u00f5es \u00e0 Reda\u00e7\u00e3o do Portal Cariri em A\u00e7\u00e3o pelo WhatsApp (83) 9 9634.5791, (83) 9 9601-1162.<\/strong><\/p>\n<\/div>\n","protected":false},"excerpt":{"rendered":"<p>Um carro-forte foi explodido no in\u00edcio da noite desta segunda-feira (19), na BR-230, na entrada da cidade de Pedras de Fogo, na Regi\u00e3o Metropolitana de&hellip; <\/p>\n","protected":false},"author":2,"featured_media":44695,"comment_status":"closed","ping_status":"closed","sticky":false,"template":"","format":"standard","meta":{"sfsi_plus_gutenberg_text_before_share":"","sfsi_plus_gutenberg_show_text_before_share":"","sfsi_plus_gutenberg_icon_type":"","sfsi_plus_gutenberg_icon_alignemt":"","sfsi_plus_gutenburg_max_per_row":"","footnotes":""},"categories":[12],"tags":[],"class_list":["post-44693","post","type-post","status-publish","format-standard","has-post-thumbnail","hentry","category-policia"],"_links":{"self":[{"href":"https:\/\/www.caririemacao.com\/1\/wp-json\/wp\/v2\/posts\/44693","targetHints":{"allow":["GET"]}}],"collection":[{"href":"https:\/\/www.caririemacao.com\/1\/wp-json\/wp\/v2\/posts"}],"about":[{"href":"https:\/\/www.caririemacao.com\/1\/wp-json\/wp\/v2\/types\/post"}],"author":[{"embeddable":true,"href":"https:\/\/www.caririemacao.com\/1\/wp-json\/wp\/v2\/users\/2"}],"replies":[{"embeddable":true,"href":"https:\/\/www.caririemacao.com\/1\/wp-json\/wp\/v2\/comments?post=44693"}],"version-history":[{"count":0,"href":"https:\/\/www.caririemacao.com\/1\/wp-json\/wp\/v2\/posts\/44693\/revisions"}],"wp:featuredmedia":[{"embeddable":true,"href":"https:\/\/www.caririemacao.com\/1\/wp-json\/wp\/v2\/media\/44695"}],"wp:attachment":[{"href":"https:\/\/www.caririemacao.com\/1\/wp-json\/wp\/v2\/media?parent=44693"}],"wp:term":[{"taxonomy":"category","embeddable":true,"href":"https:\/\/www.caririemacao.com\/1\/wp-json\/wp\/v2\/categories?post=44693"},{"taxonomy":"post_tag","embeddable":true,"href":"https:\/\/www.caririemacao.com\/1\/wp-json\/wp\/v2\/tags?post=44693"}],"curies":[{"name":"wp","href":"https:\/\/api.w.org\/{rel}","templated":true}]}}