{"id":44875,"date":"2018-03-21T09:37:44","date_gmt":"2018-03-21T12:37:44","guid":{"rendered":"http:\/\/caririemacao.com\/1\/?p=44875"},"modified":"2018-03-21T09:37:44","modified_gmt":"2018-03-21T12:37:44","slug":"comeca-desligamento-do-eixo-leste-da-transposicao-do-rio-sao-francisco","status":"publish","type":"post","link":"https:\/\/www.caririemacao.com\/1\/2018\/03\/21\/comeca-desligamento-do-eixo-leste-da-transposicao-do-rio-sao-francisco\/","title":{"rendered":"Come\u00e7a desligamento do eixo leste da Transposi\u00e7\u00e3o do Rio S\u00e3o Francisco"},"content":{"rendered":"<section id=\"content-inside\">\n<div class=\"mc-column content-media content-media--normal  content-photo\" data-block-type=\"backstage-photo\" data-block-id=\"0\">\n<div class=\"content-media__container\">\n<div class=\"content-media__description-centered \">\n<p class=\"content-media__description\"><span style=\"font-family: inherit; font-size: inherit; font-style: inherit; font-variant-ligatures: inherit; font-variant-caps: inherit; font-weight: inherit; text-align: center;\">Come\u00e7ou nesta ter\u00e7a-feira (20) o desligamento provis\u00f3rio do sistema do eixo leste do projeto de transposi\u00e7\u00e3o das \u00e1guas do Rio S\u00e3o Francisco. A informa\u00e7\u00e3o foi divulgada pelo Minist\u00e9rio da Integra\u00e7\u00e3o, ap\u00f3s\u00a0recomenda\u00e7\u00e3o do Minist\u00e9rio P\u00fablico Federal na Para\u00edba<\/span><span style=\"font-family: inherit; font-size: inherit; font-style: inherit; font-variant-ligatures: inherit; font-variant-caps: inherit; font-weight: inherit; text-align: center;\">\u00a0(MPF-PB).<\/span><\/p>\n<\/div>\n<\/div>\n<\/div>\n<div class=\"mc-column content-text active-extra-styles \" data-block-type=\"unstyled\" data-block-weight=\"35\" data-block-id=\"3\">\n<p class=\"content-text__container \" data-track-category=\"Link no Texto\" data-track-links=\"\">Segundo o Minist\u00e9rio da Integra\u00e7\u00e3o, o desligamento \u00e9 gradativo e vai ser finalizado antes do in\u00edcio das\u00a0obras dos a\u00e7udes Po\u00e7\u00f5es e Camala\u00fa, que est\u00e3o previstas para serem retomadas no pr\u00f3ximo dia 2 de abril.<\/p>\n<\/div>\n<div class=\"mc-column content-text active-extra-styles \" data-block-type=\"unstyled\" data-block-weight=\"48\" data-block-id=\"4\">\n<p class=\"content-text__container \" data-track-category=\"Link no Texto\" data-track-links=\"\">A pasta garantiu que o a\u00e7ude Epit\u00e1cio Pessoa, conhecido como Boqueir\u00e3o &#8211; que abastece Campina Grande e regi\u00e3o -, j\u00e1 atingiu \u201ctranquilidade h\u00eddrica\u201d, ou seja, o volume de \u00e1gua armazenada \u00e9 suficiente e n\u00e3o prejudicar\u00e1 ao abastecimento de \u00e1gua da popula\u00e7\u00e3o da regi\u00e3o em pelo menos 10 meses.<\/p>\n<\/div>\n<div class=\"mc-column content-text active-extra-styles \" data-block-type=\"unstyled\" data-block-weight=\"39\" data-block-id=\"5\">\n<p class=\"content-text__container \" data-track-category=\"Link no Texto\" data-track-links=\"\">A previs\u00e3o do Departamento Nacional de Obras Contra as Secas (Dnocs) \u00e9 de que as obras em Po\u00e7\u00f5es e Camala\u00fa sejam entregues em, no m\u00e1ximo, 4 meses, possibilitando a retomada do bombeamento da \u00e1gua no eixo leste da transposi\u00e7\u00e3o.<\/p>\n<\/div>\n<div class=\"mc-column content-text active-extra-styles\" data-block-type=\"raw\" data-block-weight=\"3\" data-block-id=\"6\">\n<div class=\"content-intertitle\">\n<p><strong>Entenda o desligamento<\/strong><\/p>\n<\/div>\n<\/div>\n<div class=\"mc-column content-text active-extra-styles \" data-block-type=\"unstyled\" data-block-weight=\"55\" data-block-id=\"7\">\n<p class=\"content-text__container \" data-track-category=\"Link no Texto\" data-track-links=\"\">No per\u00edodo em que os munic\u00edpios abastecidos pelo a\u00e7ude Boqueir\u00e3o estavam na imin\u00eancia do colapso total de \u00e1gua, o Dnocs encontrou como solu\u00e7\u00e3o imediata a execu\u00e7\u00e3o de um canal escavado atrav\u00e9s dos vertedouros das barragens Po\u00e7\u00f5es e Camala\u00fa, permitindo assim a passagem das \u00e1guas do Rio S\u00e3o Francisco para Boqueir\u00e3o em car\u00e1ter provis\u00f3rio e emergencial.<\/p>\n<\/div>\n<div class=\"mc-column content-text active-extra-styles \" data-block-type=\"unstyled\" data-block-weight=\"50\" data-block-id=\"8\">\n<p class=\"content-text__container \" data-track-category=\"Link no Texto\" data-track-links=\"\">Por\u00e9m, de acordo com a coordenadora do grupo de trabalho da transposi\u00e7\u00e3o do rio S\u00e3o Francisco na Para\u00edba, a procuradora Jana\u00edna Andrade, se os \u00f3rg\u00e3os gestores da transposi\u00e7\u00e3o pretendem garantir o fornecimento de \u00e1gua com seguran\u00e7a para as cidades, \u00e9 indispens\u00e1vel a conclus\u00e3o das obras nos a\u00e7udes Po\u00e7\u00f5es e Camala\u00fa.<\/p>\n<\/div>\n<div class=\"mc-column content-text active-extra-styles \" data-block-type=\"unstyled\" data-block-weight=\"63\" data-block-id=\"9\">\n<p class=\"content-text__container \" data-track-category=\"Link no Texto\" data-track-links=\"\">Ainda conforme a coordenadora, \u201cconclu\u00eddas as tomadas de \u00e1gua complementar desses a\u00e7udes, ser\u00e1 poss\u00edvel verter para o rio Para\u00edba n\u00e3o somente as \u00e1guas transpostas mas tamb\u00e9m as \u00e1guas das chuvas, que podem ser armazenadas nessas duas barragens. Assim, o MPF n\u00e3o pode admitir que os munic\u00edpios que integram o eixo leste da transposi\u00e7\u00e3o dependam unicamente de um bombeamento artificial sem uma reserva h\u00eddrica\u201d.<\/p>\n<p class=\"content-text__container \" data-track-category=\"Link no Texto\" data-track-links=\"\"><span style=\"font-family: inherit; font-size: inherit; font-style: inherit; font-variant-ligatures: inherit; font-variant-caps: inherit; font-weight: inherit; text-align: center;\">O MPF em Monteiro entende que toda \u00e1gua advinda das chuvas at\u00e9 ent\u00e3o escoou pelos \u2018rasgos\u2019 dos dois a\u00e7udes, se dirigindo para Boqueir\u00e3o. Mantida essa situa\u00e7\u00e3o, haver\u00e1 mais preju\u00edzos \u00e0s popula\u00e7\u00f5es de cidades como Monteiro, Sum\u00e9, Congo, S\u00e3o Jo\u00e3o do Cariri.<\/span><\/p>\n<\/div>\n<div data-track-category=\"fim do conteudo\" data-track-action=\"ultimo chunk conteudo\" data-track-noninteraction=\"false\" data-track-scroll=\"entrada completa viewport\">\n<div class=\"mc-column content-text active-extra-styles \" data-block-type=\"unstyled\" data-block-weight=\"80\" data-block-id=\"12\">\n<p class=\"content-text__container \" data-track-category=\"Link no Texto\" data-track-links=\"\">Em uma reuni\u00e3o, representantes do Dnocs, Ag\u00eancia Nacional das \u00c1guas (ANA), Ag\u00eancia Executiva de Gest\u00e3o das \u00c1guas da Para\u00edba (Aesa), al\u00e9m de membros da Secretaria de Recursos H\u00eddricos da Para\u00edba, Minist\u00e9rio da Integra\u00e7\u00e3o, Minist\u00e9rio P\u00fablico Estadual (MPPB) e Minist\u00e9rio P\u00fablico Federal (MPF) acordaram que o desligamento era necess\u00e1rio para a retomada das obras. Tamb\u00e9m estiveram na reuni\u00e3o representantes do Comit\u00ea de Bacia do Rio Para\u00edba, da Advocacia-Geral da Uni\u00e3o (AGU) e Companhia de Desenvolvimento do Vale do S\u00e3o Francisco (Codevasf).<\/p>\n<p><strong>CARIRI EM A\u00c7\u00c3O<\/strong><\/p>\n<p><em>Com G1 \/Foto: Reprodu\u00e7\u00e3o Internet<\/em><\/p>\n<p><strong>Leia mais not\u00edcias em\u00a0<\/strong><a href=\"http:\/\/www.caririemacao.com\/\"><strong>caririemacao.com<\/strong><\/a><strong>, siga nossa p\u00e1gina no\u00a0<\/strong><a href=\"https:\/\/www.facebook.com\/CaririEmAcao\/?ref=aymt_homepage_panel\"><strong>Facebook<\/strong><\/a>,<strong>\u00a0<\/strong><a href=\"https:\/\/www.instagram.com\/cariri_em_acao\/?hl=pt-br\"><strong>Instagram<\/strong><\/a><strong>\u00a0e <\/strong><a href=\"https:\/\/www.youtube.com\/channel\/UCAptA0jQuYQy8vMhLt2m4qg\"><strong>Youtube<\/strong><\/a><strong>\u00a0e veja nossas mat\u00e9rias, v\u00eddeos e fotos. Voc\u00ea tamb\u00e9m pode enviar informa\u00e7\u00f5es \u00e0 Reda\u00e7\u00e3o do Portal Cariri em A\u00e7\u00e3o pelo WhatsApp (83) 9 9634.5791, (83) 9 9601-1162.<\/strong><\/p>\n<\/div>\n<\/div>\n<\/section>\n","protected":false},"excerpt":{"rendered":"<p>Come\u00e7ou nesta ter\u00e7a-feira (20) o desligamento provis\u00f3rio do sistema do eixo leste do projeto de transposi\u00e7\u00e3o das \u00e1guas do Rio S\u00e3o Francisco. A informa\u00e7\u00e3o foi&hellip; <\/p>\n","protected":false},"author":2,"featured_media":16661,"comment_status":"closed","ping_status":"closed","sticky":false,"template":"","format":"standard","meta":{"sfsi_plus_gutenberg_text_before_share":"","sfsi_plus_gutenberg_show_text_before_share":"","sfsi_plus_gutenberg_icon_type":"","sfsi_plus_gutenberg_icon_alignemt":"","sfsi_plus_gutenburg_max_per_row":"","footnotes":""},"categories":[2],"tags":[],"class_list":["post-44875","post","type-post","status-publish","format-standard","has-post-thumbnail","hentry","category-geral"],"_links":{"self":[{"href":"https:\/\/www.caririemacao.com\/1\/wp-json\/wp\/v2\/posts\/44875","targetHints":{"allow":["GET"]}}],"collection":[{"href":"https:\/\/www.caririemacao.com\/1\/wp-json\/wp\/v2\/posts"}],"about":[{"href":"https:\/\/www.caririemacao.com\/1\/wp-json\/wp\/v2\/types\/post"}],"author":[{"embeddable":true,"href":"https:\/\/www.caririemacao.com\/1\/wp-json\/wp\/v2\/users\/2"}],"replies":[{"embeddable":true,"href":"https:\/\/www.caririemacao.com\/1\/wp-json\/wp\/v2\/comments?post=44875"}],"version-history":[{"count":0,"href":"https:\/\/www.caririemacao.com\/1\/wp-json\/wp\/v2\/posts\/44875\/revisions"}],"wp:featuredmedia":[{"embeddable":true,"href":"https:\/\/www.caririemacao.com\/1\/wp-json\/wp\/v2\/media\/16661"}],"wp:attachment":[{"href":"https:\/\/www.caririemacao.com\/1\/wp-json\/wp\/v2\/media?parent=44875"}],"wp:term":[{"taxonomy":"category","embeddable":true,"href":"https:\/\/www.caririemacao.com\/1\/wp-json\/wp\/v2\/categories?post=44875"},{"taxonomy":"post_tag","embeddable":true,"href":"https:\/\/www.caririemacao.com\/1\/wp-json\/wp\/v2\/tags?post=44875"}],"curies":[{"name":"wp","href":"https:\/\/api.w.org\/{rel}","templated":true}]}}