{"id":44877,"date":"2018-03-21T09:49:16","date_gmt":"2018-03-21T12:49:16","guid":{"rendered":"http:\/\/caririemacao.com\/1\/?p=44877"},"modified":"2018-03-21T09:49:16","modified_gmt":"2018-03-21T12:49:16","slug":"lideres-de-sao-joao-do-cariri-reafirmam-apoio-a-pre-candidatura-de-jose-maranhao","status":"publish","type":"post","link":"https:\/\/www.caririemacao.com\/1\/2018\/03\/21\/lideres-de-sao-joao-do-cariri-reafirmam-apoio-a-pre-candidatura-de-jose-maranhao\/","title":{"rendered":"L\u00edderes de S\u00e3o Jo\u00e3o do Cariri reafirmam apoio a pr\u00e9-candidatura de Jos\u00e9 Maranh\u00e3o"},"content":{"rendered":"<p>O l\u00edder da oposi\u00e7\u00e3o do munic\u00edpio de S\u00e3o Jo\u00e3o do Cariri, Chico de Eulina, acompanhado do vereador Robson Brito e outras lideran\u00e7as pol\u00edticas da cidade, a exemplo de Titio, Toinho da barraca do bode, Dod\u00f4, e tamb\u00e9m o diretor do Dnocs na Para\u00edba, Alberto Gomes, foram recebidos em audi\u00eancia nesta segunda-feira (19), pelo Senador e pr\u00e9-candidato ao governo do estado, Jos\u00e9 Maranh\u00e3o (MDB).<\/p>\n<p>Na oportunidade, Chico e todo seu grupo pol\u00edtico, reafirmaram o compromisso de apoiar Maranh\u00e3o em sua batalha para tentar voltar ao Pal\u00e1cio da Reden\u00e7\u00e3o pela 4\u00b0 vez nas elei\u00e7\u00f5es de Outubro.<\/p>\n<p>\u201cCom certeza reafirmamos nosso apoio a Maranh\u00e3o, pelos relevante servi\u00e7os que ele tem prestado a S\u00e3o Jo\u00e3o do Cariri e por toda Para\u00edba.\u201d Disse o l\u00edder Chico de Eulina.<\/p>\n<p>Al\u00e9m disso, o l\u00edder da oposi\u00e7\u00e3o de S\u00e3o Jo\u00e3o do Cariri exalta a humildade e simplicidade do Senador, que dialoga de igual para igual com todos e demonstra muito conhecimento dos assuntos relacionados a cada munic\u00edpio. Dizendo: \u201d Maranh\u00e3o \u00e9 um homem sem frescura, voc\u00ea precisa ver a simplicidade dele recebendo caravanas de pol\u00edticos do estado inteiro e dialogando com todos, seja prefeito, vice, vereadores e lideran\u00e7as. \u00c9 muito humilde esse Senador.\u201d<\/p>\n<p><strong>CARIRI EM A\u00c7\u00c3O<\/strong><\/p>\n<p><em>Com Heleno Lima \/Foto:Divulga\u00e7\u00e3o \u00a0<\/em><\/p>\n<p><strong>Leia mais not\u00edcias em\u00a0<\/strong><a href=\"http:\/\/www.caririemacao.com\/\"><strong>caririemacao.com<\/strong><\/a><strong>, siga nossa p\u00e1gina no\u00a0<\/strong><a href=\"https:\/\/www.facebook.com\/CaririEmAcao\/?ref=aymt_homepage_panel\"><strong>Facebook<\/strong><\/a>,<strong>\u00a0<\/strong><a href=\"https:\/\/www.instagram.com\/cariri_em_acao\/?hl=pt-br\"><strong>Instagram<\/strong><\/a><strong>\u00a0e <\/strong><a href=\"https:\/\/www.youtube.com\/channel\/UCAptA0jQuYQy8vMhLt2m4qg\"><strong>Youtube<\/strong><\/a><strong>\u00a0e veja nossas mat\u00e9rias, v\u00eddeos e fotos. Voc\u00ea tamb\u00e9m pode enviar informa\u00e7\u00f5es \u00e0 Reda\u00e7\u00e3o do Portal Cariri em A\u00e7\u00e3o pelo WhatsApp (83) 9 9634.5791, (83) 9 9601-1162.<\/strong><\/p>\n","protected":false},"excerpt":{"rendered":"<p>O l\u00edder da oposi\u00e7\u00e3o do munic\u00edpio de S\u00e3o Jo\u00e3o do Cariri, Chico de Eulina, acompanhado do vereador Robson Brito e outras lideran\u00e7as pol\u00edticas da cidade,&hellip; <\/p>\n","protected":false},"author":2,"featured_media":44878,"comment_status":"closed","ping_status":"closed","sticky":false,"template":"","format":"standard","meta":{"sfsi_plus_gutenberg_text_before_share":"","sfsi_plus_gutenberg_show_text_before_share":"","sfsi_plus_gutenberg_icon_type":"","sfsi_plus_gutenberg_icon_alignemt":"","sfsi_plus_gutenburg_max_per_row":"","footnotes":""},"categories":[1],"tags":[],"class_list":["post-44877","post","type-post","status-publish","format-standard","has-post-thumbnail","hentry","category-o-site"],"_links":{"self":[{"href":"https:\/\/www.caririemacao.com\/1\/wp-json\/wp\/v2\/posts\/44877","targetHints":{"allow":["GET"]}}],"collection":[{"href":"https:\/\/www.caririemacao.com\/1\/wp-json\/wp\/v2\/posts"}],"about":[{"href":"https:\/\/www.caririemacao.com\/1\/wp-json\/wp\/v2\/types\/post"}],"author":[{"embeddable":true,"href":"https:\/\/www.caririemacao.com\/1\/wp-json\/wp\/v2\/users\/2"}],"replies":[{"embeddable":true,"href":"https:\/\/www.caririemacao.com\/1\/wp-json\/wp\/v2\/comments?post=44877"}],"version-history":[{"count":0,"href":"https:\/\/www.caririemacao.com\/1\/wp-json\/wp\/v2\/posts\/44877\/revisions"}],"wp:featuredmedia":[{"embeddable":true,"href":"https:\/\/www.caririemacao.com\/1\/wp-json\/wp\/v2\/media\/44878"}],"wp:attachment":[{"href":"https:\/\/www.caririemacao.com\/1\/wp-json\/wp\/v2\/media?parent=44877"}],"wp:term":[{"taxonomy":"category","embeddable":true,"href":"https:\/\/www.caririemacao.com\/1\/wp-json\/wp\/v2\/categories?post=44877"},{"taxonomy":"post_tag","embeddable":true,"href":"https:\/\/www.caririemacao.com\/1\/wp-json\/wp\/v2\/tags?post=44877"}],"curies":[{"name":"wp","href":"https:\/\/api.w.org\/{rel}","templated":true}]}}