{"id":44880,"date":"2018-03-21T09:58:42","date_gmt":"2018-03-21T12:58:42","guid":{"rendered":"http:\/\/caririemacao.com\/1\/?p=44880"},"modified":"2018-03-21T09:58:42","modified_gmt":"2018-03-21T12:58:42","slug":"enem-2018-segundo-dia-com-prova-de-exatas-tera-30-minutos-a-mais-de-duracao","status":"publish","type":"post","link":"https:\/\/www.caririemacao.com\/1\/2018\/03\/21\/enem-2018-segundo-dia-com-prova-de-exatas-tera-30-minutos-a-mais-de-duracao\/","title":{"rendered":"Enem 2018: segundo dia, com prova de exatas, ter\u00e1 30 minutos a mais de dura\u00e7\u00e3o"},"content":{"rendered":"<div class=\"mc-column content-media content-media--normal  content-photo\" data-block-type=\"backstage-photo\" data-block-id=\"0\">\n<div class=\"content-media__container\">\n<div class=\"content-media__description-centered \">\n<p class=\"content-media__description\">O segundo dia do\u00a0Exame Nacional do Ensino M\u00e9dio (2018), dedicado a prova de exatas, ter\u00e1 30 minutos a mais de dura\u00e7\u00e3o. A partir deste ano os candidatos ter\u00e3o cinco horas para responder as quest\u00f5es de ci\u00eancias da natureza, que inclui qu\u00edmica, f\u00edsica e biologia, al\u00e9m de matem\u00e1tica.\u00a0As provas ser\u00e3o aplicadas nos dias 4 e 11 de novembro.<\/p>\n<\/div>\n<\/div>\n<\/div>\n<div class=\"mc-column content-text active-extra-styles \" data-block-type=\"unstyled\" data-block-weight=\"50\" data-block-id=\"3\">\n<p class=\"content-text__container \" data-track-category=\"Link no Texto\" data-track-links=\"\">No ano passado, o Minist\u00e9rio da Educa\u00e7\u00e3o\u00a0mudou a divis\u00e3o das disciplinas concentrando as provas na \u00e1rea de humanas e exatas. Os candidatos, no entanto, se queixaram que o tempo de quatro horas e meia para a prova de exatas foi insuficiente para fazer todos os c\u00e1lculos exigidos nas quest\u00f5es.<\/p>\n<\/div>\n<div class=\"mc-column content-text active-extra-styles \" data-block-type=\"unstyled\" data-block-weight=\"43\" data-block-id=\"4\">\n<p class=\"content-text__container \" data-track-category=\"Link no Texto\" data-track-links=\"\">O primeiro dia do exame continua tendo cinco horas e meia de dura\u00e7\u00e3o para que os candidatos respondam as quest\u00f5es de linguagens, ci\u00eancias humanas e fa\u00e7am a reda\u00e7\u00e3o. O edital do Enem 2018 foi publicado no\u00a0Di\u00e1rio Oficial da Uni\u00e3o desta quarta-feira\u00a0(21).<\/p>\n<\/div>\n<div class=\"mc-column content-text active-extra-styles \" data-block-type=\"unstyled\" data-block-weight=\"55\" data-block-id=\"5\">\n<p class=\"content-text__container \" data-track-category=\"Link no Texto\" data-track-links=\"\">Outra novidade para este ano \u00e9 que os isentos do Enem 2017 que faltaram aos dois dias de provas e n\u00e3o justificaram a aus\u00eancia, ou ainda, tiveram a justificativa reprovada ap\u00f3s o recurso, dever\u00e3o pagar o equivalente ao valor da taxa de inscri\u00e7\u00e3o se quiserem fazer o exame de 2018. O valor \u00e9 R$ 82.<\/p>\n<\/div>\n<div class=\"mc-column content-text active-extra-styles \" data-block-type=\"unstyled\" data-block-weight=\"30\" data-block-id=\"6\">\n<p class=\"content-text__container \" data-track-category=\"Link no Texto\" data-track-links=\"\">No ano passado, o\u00a0Enem teve absten\u00e7\u00e3o de 32%, a maior em sete anos. Na \u00e9poca, o ministro da Educa\u00e7\u00e3o informou que entre os ausentes, 38% n\u00e3o pagaram a taxa.<\/p>\n<\/div>\n<div class=\"mc-column content-text active-extra-styles \" data-block-type=\"unstyled\" data-block-weight=\"54\" data-block-id=\"7\">\n<p class=\"content-text__container \" data-track-category=\"Link no Texto\" data-track-links=\"\">Desde 2015, o governo tem tentado endurecer as regras para os pedidos de isen\u00e7\u00e3o. O candidato que prestava o Enem mais de tr\u00eas vezes sem pagar a taxa tamb\u00e9m perdia o direito \u00e0 gratuidade na quarta tentativa. Entretanto, as medidas criadas pelo governo para tentar coibir este tipo de problema ainda n\u00e3o surtiram efeito.<\/p>\n<\/div>\n<div class=\"mc-column content-text active-extra-styles\" data-block-type=\"raw\" data-block-weight=\"1\" data-block-id=\"8\">\n<div class=\"content-intertitle\">\n<p><strong>Aus\u00eancia<\/strong><\/p>\n<\/div>\n<\/div>\n<div class=\"mc-column content-text active-extra-styles \" data-block-type=\"unstyled\" data-block-weight=\"45\" data-block-id=\"9\">\n<p class=\"content-text__container \" data-track-category=\"Link no Texto\" data-track-links=\"\">A justificativa de aus\u00eancia no exame do ano passado dever\u00e1 ser feita a partir das 10h do dia 2 de abril at\u00e9 as 23h59 do dia 11 de abril. Neste mesmo per\u00edodo, os candidatos tamb\u00e9m podem solicitar a isen\u00e7\u00e3o da taxa para o Enem 2018.<\/p>\n<\/div>\n<div class=\"content-ads content-ads--reveal\" data-block-type=\"ads\" data-block-id=\"10\">\n<div id=\"banner_materia2\" class=\"tag-manager-publicidade-container has-reveal has-ad-lazyload tag-manager-publicidade-banner_materia2 tag-manager-publicidade-container--carregado tag-manager-publicidade-container--visivel\" data-id=\"banner_materia2\" data-google-query-id=\"CKi6pLy6_dkCFVYrHwod7KgKpA\" data-cid=\"138225666827\" data-lid=\"4611074071\">\n<div id=\"google_ads_iframe_\/95377733\/tvg_G1\/Educacao\/Enem_2__container__\">Se perder a gratuidade, o candidato dever\u00e1 acessar o sistema de inscri\u00e7\u00e3o (<a href=\"http:\/\/enem.inep.gov.br\/participante\" target=\"_blank\" rel=\"noopener\">http:\/\/enem.inep.gov.br\/participante<\/a>), informar os dados solicitados, gerar a Guia de Recolhimento da Uni\u00e3o e efetuar o pagamento da taxa de inscri\u00e7\u00e3o para ter sua inscri\u00e7\u00e3o no Enem 2018 confirmada.<\/div>\n<\/div>\n<\/div>\n<div class=\"mc-column content-text active-extra-styles \" data-block-type=\"unstyled\" data-block-weight=\"31\" data-block-id=\"12\">\n<p class=\"content-text__container \" data-track-category=\"Link no Texto\" data-track-links=\"\">As inscri\u00e7\u00f5es para o Enem 2018 ser\u00e3o realizadas entre os dias 7 e 18 de maio. Entre os dias 2 e 11 de abril ocorre o per\u00edodo da solicita\u00e7\u00e3o da isen\u00e7\u00e3o.<\/p>\n<\/div>\n<div class=\"mc-column content-text active-extra-styles \" data-block-type=\"unstyled\" data-block-weight=\"4\" data-block-id=\"13\">\n<p class=\"content-text__container \" data-track-category=\"Link no Texto\" data-track-links=\"\">Tem direito \u00e0 gratuidade:<\/p>\n<\/div>\n<div class=\"mc-column content-text active-extra-styles\" data-block-type=\"raw\" data-block-weight=\"92\" data-block-id=\"14\">\n<ul class=\"content-unordered-list\">\n<li>o aluno que est\u00e1 cursando o terceiro ano do ensino m\u00e9dio na rede p\u00fablica;<\/li>\n<li>os candidatos que fizeram o Encceja e conseguiram a profici\u00eancia suficiente para o diploma nas \u00e1reas em que se inscreveram;<\/li>\n<li>os alunos que cursaram todo o ensino m\u00e9dio em escola da rede p\u00fablica ou como bolsista na rede privada e tenha renda per capita igual ou inferior a um sal\u00e1rio m\u00ednimo e meio;<\/li>\n<li>o candidato que declaram estar em situa\u00e7\u00e3o de vulnerabilidade socioecon\u00f4mica por ser membro de fam\u00edlia de baixa renda;<\/li>\n<li>o participante que est\u00e1 inscrito no Cad\u00danico.<\/li>\n<\/ul>\n<\/div>\n<div class=\"mc-column content-text active-extra-styles \" data-block-type=\"unstyled\" data-block-weight=\"20\" data-block-id=\"15\">\n<p class=\"content-text__container \" data-track-category=\"Link no Texto\" data-track-links=\"\">Para todos os casos de solicita\u00e7\u00e3o de isen\u00e7\u00e3o da taxa, o participante dever\u00e1 ter documentos que comprovem a condi\u00e7\u00e3o declarada.<\/p>\n<\/div>\n<div class=\"mc-column content-text active-extra-styles\" data-block-type=\"raw\" data-block-weight=\"4\" data-block-id=\"16\">\n<div class=\"content-intertitle\">\n<p><strong>Cronograma do Enem 2018:<\/strong><\/p>\n<\/div>\n<\/div>\n<div data-track-category=\"fim do conteudo\" data-track-action=\"ultimo chunk conteudo\" data-track-noninteraction=\"false\" data-track-scroll=\"entrada completa viewport\">\n<div class=\"mc-column content-text active-extra-styles\" data-block-type=\"raw\" data-block-weight=\"49\" data-block-id=\"17\">\n<ul class=\"content-unordered-list\">\n<li>Solicita\u00e7\u00e3o de isen\u00e7\u00e3o da taxa de inscri\u00e7\u00e3o:\u00a02 a 11 de abril<\/li>\n<li>Inscri\u00e7\u00f5es:\u00a07 a 18 de maio<\/li>\n<li>Pagamento da taxa de inscri\u00e7\u00e3o:\u00a07 a 23 de maio<\/li>\n<li>Solicita\u00e7\u00e3o de atendimento pelo nome social:\u00a028 de maio a 3 de junho<\/li>\n<li>Aplica\u00e7\u00e3o:\u00a04 de novembro e 11 de novembro<\/li>\n<\/ul>\n<p><strong>CARIRI EM A\u00c7\u00c3O<\/strong><\/p>\n<p><em>Com G1 \/Foto: Reprodu\u00e7\u00e3o Internet<\/em><\/p>\n<p><strong>Leia mais not\u00edcias em\u00a0<\/strong><a href=\"http:\/\/www.caririemacao.com\/\"><strong>caririemacao.com<\/strong><\/a><strong>, siga nossa p\u00e1gina no\u00a0<\/strong><a href=\"https:\/\/www.facebook.com\/CaririEmAcao\/?ref=aymt_homepage_panel\"><strong>Facebook<\/strong><\/a>,<strong>\u00a0<\/strong><a href=\"https:\/\/www.instagram.com\/cariri_em_acao\/?hl=pt-br\"><strong>Instagram<\/strong><\/a><strong>\u00a0e <\/strong><a href=\"https:\/\/www.youtube.com\/channel\/UCAptA0jQuYQy8vMhLt2m4qg\"><strong>Youtube<\/strong><\/a><strong>\u00a0e veja nossas mat\u00e9rias, v\u00eddeos e fotos. Voc\u00ea tamb\u00e9m pode enviar informa\u00e7\u00f5es \u00e0 Reda\u00e7\u00e3o do Portal Cariri em A\u00e7\u00e3o pelo WhatsApp (83) 9 9634.5791, (83) 9 9601-1162.<\/strong><\/p>\n<\/div>\n<\/div>\n","protected":false},"excerpt":{"rendered":"<p>O segundo dia do\u00a0Exame Nacional do Ensino M\u00e9dio (2018), dedicado a prova de exatas, ter\u00e1 30 minutos a mais de dura\u00e7\u00e3o. A partir deste ano&hellip; <\/p>\n","protected":false},"author":2,"featured_media":44881,"comment_status":"closed","ping_status":"closed","sticky":false,"template":"","format":"standard","meta":{"sfsi_plus_gutenberg_text_before_share":"","sfsi_plus_gutenberg_show_text_before_share":"","sfsi_plus_gutenberg_icon_type":"","sfsi_plus_gutenberg_icon_alignemt":"","sfsi_plus_gutenburg_max_per_row":"","footnotes":""},"categories":[14],"tags":[],"class_list":["post-44880","post","type-post","status-publish","format-standard","has-post-thumbnail","hentry","category-educacao"],"_links":{"self":[{"href":"https:\/\/www.caririemacao.com\/1\/wp-json\/wp\/v2\/posts\/44880","targetHints":{"allow":["GET"]}}],"collection":[{"href":"https:\/\/www.caririemacao.com\/1\/wp-json\/wp\/v2\/posts"}],"about":[{"href":"https:\/\/www.caririemacao.com\/1\/wp-json\/wp\/v2\/types\/post"}],"author":[{"embeddable":true,"href":"https:\/\/www.caririemacao.com\/1\/wp-json\/wp\/v2\/users\/2"}],"replies":[{"embeddable":true,"href":"https:\/\/www.caririemacao.com\/1\/wp-json\/wp\/v2\/comments?post=44880"}],"version-history":[{"count":0,"href":"https:\/\/www.caririemacao.com\/1\/wp-json\/wp\/v2\/posts\/44880\/revisions"}],"wp:featuredmedia":[{"embeddable":true,"href":"https:\/\/www.caririemacao.com\/1\/wp-json\/wp\/v2\/media\/44881"}],"wp:attachment":[{"href":"https:\/\/www.caririemacao.com\/1\/wp-json\/wp\/v2\/media?parent=44880"}],"wp:term":[{"taxonomy":"category","embeddable":true,"href":"https:\/\/www.caririemacao.com\/1\/wp-json\/wp\/v2\/categories?post=44880"},{"taxonomy":"post_tag","embeddable":true,"href":"https:\/\/www.caririemacao.com\/1\/wp-json\/wp\/v2\/tags?post=44880"}],"curies":[{"name":"wp","href":"https:\/\/api.w.org\/{rel}","templated":true}]}}