{"id":44939,"date":"2018-03-22T07:40:17","date_gmt":"2018-03-22T10:40:17","guid":{"rendered":"http:\/\/caririemacao.com\/1\/?p=44939"},"modified":"2018-03-22T07:40:17","modified_gmt":"2018-03-22T10:40:17","slug":"a-emocao-tomara-conta-de-monteiro-com-o-espetaculo-os-misterios-da-paixao","status":"publish","type":"post","link":"https:\/\/www.caririemacao.com\/1\/2018\/03\/22\/a-emocao-tomara-conta-de-monteiro-com-o-espetaculo-os-misterios-da-paixao\/","title":{"rendered":"A emo\u00e7\u00e3o tomar\u00e1 conta de Monteiro com o espet\u00e1culo Os Mist\u00e9rios da Paix\u00e3o"},"content":{"rendered":"<p>Encenado por mais de 40 atores monteirenses, uma super produ\u00e7\u00e3o com som e ilumina\u00e7\u00e3o, al\u00e9m de seis palcos armados nas imedia\u00e7\u00f5es da Pra\u00e7a Jo\u00e3o Pessoa, contar\u00e3o Os Mist\u00e9rios da Paix\u00e3o sob a dire\u00e7\u00e3o de Chico Oliveira, sendo esta uma realiza\u00e7\u00e3o da Prefeitura Municipal de Monteiro, atrav\u00e9s da Secretaria de Cultura e Turismo e o apoio do SEBRAE Cariri e da UEPB.<\/p>\n<p>\u201cViabilizar a realiza\u00e7\u00e3o da encena\u00e7\u00e3o da Paix\u00e3o de Cristo \u00e9 algo que nos orgulha, este \u00e9 um espet\u00e1culo que n\u00e3o pode ficar de fora do calend\u00e1rio de eventos. Esta \u00e9 uma hist\u00f3ria que emociona e nos leva a refletir sobre o verdadeiro sentido de nossas vidas, oferecendo a oportunidade de refletirmos sobre a Semana Santa. Falando tamb\u00e9m n\u00e3o s\u00f3 como monteirense apaixonada pela cultura, falo como gestora da cidade onde procuramos fazer deste evento uma a\u00e7\u00e3o da Prefeitura que incentiva a valoriza\u00e7\u00e3o dos artistas locais, que n\u00e3o medem esfor\u00e7os e se dedicam \u00e0 promo\u00e7\u00e3o da cultura, do teatro e das artes de uma maneira geral,\u201d disse Anna Lorena, prefeita de Monteiro.<\/p>\n<p>A tradicional encena\u00e7\u00e3o acontecer\u00e1 a partir das 20h e segundo a secret\u00e1ria de Cultura e Turismo, Christianne Leal, s\u00e3o esperadas cerca de 2 mil pessoas no evento, batendo o recorde do ano passado.<\/p>\n<p>Dentre o elenco que entrar\u00e1 em cena est\u00e3o os atores que dar\u00e3o vida aos principais personagens: Hiallene Henrique como Maria, Hialle Henrique como Jo\u00e3o, Guilherme Sin\u00e9sio como Jesus, Caio Pierre e Gilson Alves interpretar\u00e3o o Satan\u00e1s, Geovane Xavier ser\u00e1 Herodes, Ben\u00edcio Santiago como Caifaz, e a atriz C\u00edcera como Maria Madalena.<\/p>\n<p>Toda a produ\u00e7\u00e3o para a realiza\u00e7\u00e3o de Os Mist\u00e9rios da Paix\u00e3o come\u00e7ou a ser preparada h\u00e1 cerca de tr\u00eas meses. \u201cForam dias de muito trabalho para a cria\u00e7\u00e3o de cen\u00e1rios, m\u00fasicas, efeitos e figurinos que retratam a sociedade da \u00e9poca\u201d, conta C\u00e9sar Lima, um dos produtores do evento.<\/p>\n<p>\u201cAno passado, em frente \u00e0 Matriz, levamos uma verdadeira multid\u00e3o que se emocionou e chorou ao ver a hist\u00f3ria de Cristo, e como Monteiro merece sempre o melhor, este ano ampliamos o espa\u00e7o do evento para que a emo\u00e7\u00e3o seja renovada com este maravilhoso espet\u00e1culo\u201d, relembra a secret\u00e1ria da pasta Christianne Leal.<\/p>\n<p><strong>CARIRI EM A\u00c7\u00c3O<\/strong><\/p>\n<p><em>Com Ascom\/Foto:\u00a0Ascom<\/em><\/p>\n<p><strong>Leia mais not\u00edcias em\u00a0<\/strong><a href=\"http:\/\/www.caririemacao.com\/\"><strong>caririemacao.com<\/strong><\/a><strong>, siga nossa p\u00e1gina no\u00a0<\/strong><a href=\"https:\/\/www.facebook.com\/CaririEmAcao\/?ref=aymt_homepage_panel\"><strong>Facebook<\/strong><\/a>,<strong>\u00a0<\/strong><a href=\"https:\/\/www.instagram.com\/cariri_em_acao\/?hl=pt-br\"><strong>Instagram<\/strong><\/a><strong>\u00a0e\u00a0<\/strong><a href=\"https:\/\/www.youtube.com\/channel\/UCAptA0jQuYQy8vMhLt2m4qg\"><strong>Youtube<\/strong><\/a><strong>\u00a0e veja nossas mat\u00e9rias, v\u00eddeos e fotos. Voc\u00ea tamb\u00e9m pode enviar informa\u00e7\u00f5es \u00e0 Reda\u00e7\u00e3o do Portal Cariri em A\u00e7\u00e3o pelo WhatsApp (83) 9 9634.5791, (83) 9 9601-1162.<\/strong><\/p>\n","protected":false},"excerpt":{"rendered":"<p>Encenado por mais de 40 atores monteirenses, uma super produ\u00e7\u00e3o com som e ilumina\u00e7\u00e3o, al\u00e9m de seis palcos armados nas imedia\u00e7\u00f5es da Pra\u00e7a Jo\u00e3o Pessoa,&hellip; <\/p>\n","protected":false},"author":2,"featured_media":44940,"comment_status":"closed","ping_status":"closed","sticky":false,"template":"","format":"standard","meta":{"sfsi_plus_gutenberg_text_before_share":"","sfsi_plus_gutenberg_show_text_before_share":"","sfsi_plus_gutenberg_icon_type":"","sfsi_plus_gutenberg_icon_alignemt":"","sfsi_plus_gutenburg_max_per_row":"","footnotes":""},"categories":[6],"tags":[],"class_list":["post-44939","post","type-post","status-publish","format-standard","has-post-thumbnail","hentry","category-cidades"],"_links":{"self":[{"href":"https:\/\/www.caririemacao.com\/1\/wp-json\/wp\/v2\/posts\/44939","targetHints":{"allow":["GET"]}}],"collection":[{"href":"https:\/\/www.caririemacao.com\/1\/wp-json\/wp\/v2\/posts"}],"about":[{"href":"https:\/\/www.caririemacao.com\/1\/wp-json\/wp\/v2\/types\/post"}],"author":[{"embeddable":true,"href":"https:\/\/www.caririemacao.com\/1\/wp-json\/wp\/v2\/users\/2"}],"replies":[{"embeddable":true,"href":"https:\/\/www.caririemacao.com\/1\/wp-json\/wp\/v2\/comments?post=44939"}],"version-history":[{"count":0,"href":"https:\/\/www.caririemacao.com\/1\/wp-json\/wp\/v2\/posts\/44939\/revisions"}],"wp:featuredmedia":[{"embeddable":true,"href":"https:\/\/www.caririemacao.com\/1\/wp-json\/wp\/v2\/media\/44940"}],"wp:attachment":[{"href":"https:\/\/www.caririemacao.com\/1\/wp-json\/wp\/v2\/media?parent=44939"}],"wp:term":[{"taxonomy":"category","embeddable":true,"href":"https:\/\/www.caririemacao.com\/1\/wp-json\/wp\/v2\/categories?post=44939"},{"taxonomy":"post_tag","embeddable":true,"href":"https:\/\/www.caririemacao.com\/1\/wp-json\/wp\/v2\/tags?post=44939"}],"curies":[{"name":"wp","href":"https:\/\/api.w.org\/{rel}","templated":true}]}}