{"id":44942,"date":"2018-03-22T07:44:17","date_gmt":"2018-03-22T10:44:17","guid":{"rendered":"http:\/\/caririemacao.com\/1\/?p=44942"},"modified":"2018-03-22T07:44:17","modified_gmt":"2018-03-22T10:44:17","slug":"processo-seletivo-da-ufpb-oferece-6-vagas-e-salarios-ate-r-57-mil","status":"publish","type":"post","link":"https:\/\/www.caririemacao.com\/1\/2018\/03\/22\/processo-seletivo-da-ufpb-oferece-6-vagas-e-salarios-ate-r-57-mil\/","title":{"rendered":"Processo seletivo da UFPB oferece 6 vagas e sal\u00e1rios at\u00e9 R$ 5,7 mil"},"content":{"rendered":"<div class=\"mc-column content-text active-extra-styles active-capital-letter\" data-block-type=\"unstyled\" data-block-weight=\"51\" data-block-id=\"2\">\n<p class=\"content-text__container theme-color-primary-first-letter\" data-track-category=\"Link no Texto\" data-track-links=\"\">Universidade Federal da Para\u00edba (UFPB) abriu processo seletivo com seis vagas para o cargo de professor substituto. O\u00a0edital Processo Seletivo Simplificado foi publicado em edital, no Di\u00e1rio Oficial da Uni\u00e3o, nesta ter\u00e7a-feira (20). As oportunidades s\u00e3o oferecidas para os campi I e II, em Jo\u00e3o Pessoa e Areia, respectivamente.<\/p>\n<\/div>\n<div class=\"mc-column content-text active-extra-styles \" data-block-type=\"unstyled\" data-block-weight=\"19\" data-block-id=\"3\">\n<p class=\"content-text__container \" data-track-category=\"Link no Texto\" data-track-links=\"\">As categorias oferecidas s\u00e3o para professor auxiliar, adjunto e assistente, com remunera\u00e7\u00f5es mensais que podem chegar a R$ 5.742,14.<\/p>\n<\/div>\n<div class=\"mc-column content-text active-extra-styles \" data-block-type=\"unstyled\" data-block-weight=\"39\" data-block-id=\"4\">\n<p class=\"content-text__container \" data-track-category=\"Link no Texto\" data-track-links=\"\">Segundo o edital, o campus I, em Jo\u00e3o Pessoa, oferece duas das vagas para o Departamento de Medicina Interna do Centro de Ci\u00eancias M\u00e9dicas (CCM), destinadas a especialistas m\u00e9dicos em doen\u00e7as prevalentes do sistema nefro-urogenital e do sistema hematol\u00f3gico.<\/p>\n<\/div>\n<div class=\"mc-column content-text active-extra-styles \" data-block-type=\"unstyled\" data-block-weight=\"52\" data-block-id=\"5\">\n<p class=\"content-text__container \" data-track-category=\"Link no Texto\" data-track-links=\"\">O Centro de Ci\u00eancias da Sa\u00fade (CCS) tamb\u00e9m contrata dois professores, sendo um para o Departamento de Farm\u00e1cia e outro para o de Nutri\u00e7\u00e3o. Ainda no campus I , o Departamento de Artes C\u00eanicas do Centro de Comunica\u00e7\u00e3o, Turismo e Artes (CCTA) busca um(a) docente na \u00e1rea de Dan\u00e7as Populares e Educa\u00e7\u00e3o.<\/p>\n<\/div>\n<div data-track-category=\"fim do conteudo\" data-track-action=\"ultimo chunk conteudo\" data-track-noninteraction=\"false\" data-track-scroll=\"entrada completa viewport\">\n<div class=\"mc-column content-text active-extra-styles \" data-block-type=\"unstyled\" data-block-weight=\"34\" data-block-id=\"6\">\n<p class=\"content-text__container \" data-track-category=\"Link no Texto\" data-track-links=\"\">J\u00e1 no campus II, em Areia, um vaga \u00e9 oferecida para o Departamento de Ci\u00eancias Veterin\u00e1rias do Centro de Ci\u00eancias Agr\u00e1rias (CCA) seleciona um(a) professor(a) para a \u00e1rea de Farmacologia Veterin\u00e1ria e Fisiologia Animal.<\/p>\n<p><strong>CARIRI EM A\u00c7\u00c3O<\/strong><\/p>\n<p><em>Com G1\/Foto: Reprodu\u00e7\u00e3o Internet<\/em><\/p>\n<p><strong>Leia mais not\u00edcias em\u00a0<\/strong><a href=\"http:\/\/www.caririemacao.com\/\"><strong>caririemacao.com<\/strong><\/a><strong>, siga nossa p\u00e1gina no\u00a0<\/strong><a href=\"https:\/\/www.facebook.com\/CaririEmAcao\/?ref=aymt_homepage_panel\"><strong>Facebook<\/strong><\/a>,<strong>\u00a0<\/strong><a href=\"https:\/\/www.instagram.com\/cariri_em_acao\/?hl=pt-br\"><strong>Instagram<\/strong><\/a><strong>\u00a0e\u00a0<\/strong><a href=\"https:\/\/www.youtube.com\/channel\/UCAptA0jQuYQy8vMhLt2m4qg\"><strong>Youtube<\/strong><\/a><strong>\u00a0e veja nossas mat\u00e9rias, v\u00eddeos e fotos. Voc\u00ea tamb\u00e9m pode enviar informa\u00e7\u00f5es \u00e0 Reda\u00e7\u00e3o do Portal Cariri em A\u00e7\u00e3o pelo WhatsApp (83) 9 9634.5791, (83) 9 9601-1162.<\/strong><\/p>\n<\/div>\n<\/div>\n","protected":false},"excerpt":{"rendered":"<p>Universidade Federal da Para\u00edba (UFPB) abriu processo seletivo com seis vagas para o cargo de professor substituto. O\u00a0edital Processo Seletivo Simplificado foi publicado em edital,&hellip; <\/p>\n","protected":false},"author":2,"featured_media":44741,"comment_status":"closed","ping_status":"closed","sticky":false,"template":"","format":"standard","meta":{"sfsi_plus_gutenberg_text_before_share":"","sfsi_plus_gutenberg_show_text_before_share":"","sfsi_plus_gutenberg_icon_type":"","sfsi_plus_gutenberg_icon_alignemt":"","sfsi_plus_gutenburg_max_per_row":"","footnotes":""},"categories":[14],"tags":[],"class_list":["post-44942","post","type-post","status-publish","format-standard","has-post-thumbnail","hentry","category-educacao"],"_links":{"self":[{"href":"https:\/\/www.caririemacao.com\/1\/wp-json\/wp\/v2\/posts\/44942","targetHints":{"allow":["GET"]}}],"collection":[{"href":"https:\/\/www.caririemacao.com\/1\/wp-json\/wp\/v2\/posts"}],"about":[{"href":"https:\/\/www.caririemacao.com\/1\/wp-json\/wp\/v2\/types\/post"}],"author":[{"embeddable":true,"href":"https:\/\/www.caririemacao.com\/1\/wp-json\/wp\/v2\/users\/2"}],"replies":[{"embeddable":true,"href":"https:\/\/www.caririemacao.com\/1\/wp-json\/wp\/v2\/comments?post=44942"}],"version-history":[{"count":0,"href":"https:\/\/www.caririemacao.com\/1\/wp-json\/wp\/v2\/posts\/44942\/revisions"}],"wp:featuredmedia":[{"embeddable":true,"href":"https:\/\/www.caririemacao.com\/1\/wp-json\/wp\/v2\/media\/44741"}],"wp:attachment":[{"href":"https:\/\/www.caririemacao.com\/1\/wp-json\/wp\/v2\/media?parent=44942"}],"wp:term":[{"taxonomy":"category","embeddable":true,"href":"https:\/\/www.caririemacao.com\/1\/wp-json\/wp\/v2\/categories?post=44942"},{"taxonomy":"post_tag","embeddable":true,"href":"https:\/\/www.caririemacao.com\/1\/wp-json\/wp\/v2\/tags?post=44942"}],"curies":[{"name":"wp","href":"https:\/\/api.w.org\/{rel}","templated":true}]}}