{"id":44944,"date":"2018-03-22T07:48:32","date_gmt":"2018-03-22T10:48:32","guid":{"rendered":"http:\/\/caririemacao.com\/1\/?p=44944"},"modified":"2018-03-22T07:48:32","modified_gmt":"2018-03-22T10:48:32","slug":"apagao-de-energia-atinge-abastecimento-dagua-na-paraiba-informa-cagepa","status":"publish","type":"post","link":"https:\/\/www.caririemacao.com\/1\/2018\/03\/22\/apagao-de-energia-atinge-abastecimento-dagua-na-paraiba-informa-cagepa\/","title":{"rendered":"Apag\u00e3o de energia atinge abastecimento d\u2019\u00e1gua na Para\u00edba, informa Cagepa"},"content":{"rendered":"<div class=\"post-content-bd\">\n<p>A Diretoria de Opera\u00e7\u00e3o e Manuten\u00e7\u00e3o da Cagepa informou que o apag\u00e3o de energia el\u00e9trica que atingiu todos os munic\u00edpios da Para\u00edba acabou comprometendo o sistema de abastecimento de \u00e1gua no Estado.<\/p>\n<p>De acordo com a Cagepa, as esta\u00e7\u00f5es de tratamento pararam de bombear \u00e1gua para os reservat\u00f3rios por volta das 15h40 da tarde da \u00faltima quarta-feira (21), quando teve in\u00edcio o apag\u00e3o de energia na Para\u00edba e em mais 12 estados brasileiros.<\/p>\n<p>O diretor de Opera\u00e7\u00e3o da Cagepa, Jos\u00e9 Mota Victor, informou que o sistema de abastecimento s\u00f3 poder\u00e1 entrar em opera\u00e7\u00e3o quando o fornecimento de energia el\u00e9trica for restabelecido. \u201cSem energia, n\u00e3o temos como tratar e distribuir a \u00e1gua\u201d, observou.<\/p>\n<p>Jos\u00e9 Mota adiantou que a Cagepa j\u00e1 enviou equipes de plant\u00e3o para as esta\u00e7\u00f5es de bombeamento. \u201cA ideia \u00e9 avaliar se o apag\u00e3o causou a quebra de algum equipamento. As equipes estar\u00e3o de plant\u00e3o para solucionar o problema o mais r\u00e1pido poss\u00edvel\u201d, explicou.<\/p>\n<p>O diretor da Cagepa explicou ainda que quando o fornecimento de energia for restabelecida, o abastecimento de \u00e1gua ser\u00e1 retomado gradativamente. \u201cSer\u00e1 necess\u00e1rio primeiro enviar \u00e1gua para as adutoras para depois encher os reservat\u00f3rios. S\u00f3 depois que os reservat\u00f3rios encherem \u00e9 que a distribui\u00e7\u00e3o ser\u00e1 retomada. Isso leva um certo tempo e acontece de forma gradual\u201d, finalizou Jos\u00e9 Mota.<\/p>\n<p><strong>CARIRI EM A\u00c7\u00c3O<\/strong><\/p>\n<p><em>Com Conex\u00e3o PB\/Foto:\u00a0Conex\u00e3o PB<\/em><\/p>\n<p><strong>Leia mais not\u00edcias em\u00a0<\/strong><a href=\"http:\/\/www.caririemacao.com\/\"><strong>caririemacao.com<\/strong><\/a><strong>, siga nossa p\u00e1gina no\u00a0<\/strong><a href=\"https:\/\/www.facebook.com\/CaririEmAcao\/?ref=aymt_homepage_panel\"><strong>Facebook<\/strong><\/a>,<strong>\u00a0<\/strong><a href=\"https:\/\/www.instagram.com\/cariri_em_acao\/?hl=pt-br\"><strong>Instagram<\/strong><\/a><strong>\u00a0e\u00a0<\/strong><a href=\"https:\/\/www.youtube.com\/channel\/UCAptA0jQuYQy8vMhLt2m4qg\"><strong>Youtube<\/strong><\/a><strong>\u00a0e veja nossas mat\u00e9rias, v\u00eddeos e fotos. Voc\u00ea tamb\u00e9m pode enviar informa\u00e7\u00f5es \u00e0 Reda\u00e7\u00e3o do Portal Cariri em A\u00e7\u00e3o pelo WhatsApp (83) 9 9634.5791, (83) 9 9601-1162.<\/strong><\/p>\n<\/div>\n","protected":false},"excerpt":{"rendered":"<p>A Diretoria de Opera\u00e7\u00e3o e Manuten\u00e7\u00e3o da Cagepa informou que o apag\u00e3o de energia el\u00e9trica que atingiu todos os munic\u00edpios da Para\u00edba acabou comprometendo o&hellip; <\/p>\n","protected":false},"author":2,"featured_media":44945,"comment_status":"closed","ping_status":"closed","sticky":false,"template":"","format":"standard","meta":{"sfsi_plus_gutenberg_text_before_share":"","sfsi_plus_gutenberg_show_text_before_share":"","sfsi_plus_gutenberg_icon_type":"","sfsi_plus_gutenberg_icon_alignemt":"","sfsi_plus_gutenburg_max_per_row":"","footnotes":""},"categories":[2],"tags":[],"class_list":["post-44944","post","type-post","status-publish","format-standard","has-post-thumbnail","hentry","category-geral"],"_links":{"self":[{"href":"https:\/\/www.caririemacao.com\/1\/wp-json\/wp\/v2\/posts\/44944","targetHints":{"allow":["GET"]}}],"collection":[{"href":"https:\/\/www.caririemacao.com\/1\/wp-json\/wp\/v2\/posts"}],"about":[{"href":"https:\/\/www.caririemacao.com\/1\/wp-json\/wp\/v2\/types\/post"}],"author":[{"embeddable":true,"href":"https:\/\/www.caririemacao.com\/1\/wp-json\/wp\/v2\/users\/2"}],"replies":[{"embeddable":true,"href":"https:\/\/www.caririemacao.com\/1\/wp-json\/wp\/v2\/comments?post=44944"}],"version-history":[{"count":0,"href":"https:\/\/www.caririemacao.com\/1\/wp-json\/wp\/v2\/posts\/44944\/revisions"}],"wp:featuredmedia":[{"embeddable":true,"href":"https:\/\/www.caririemacao.com\/1\/wp-json\/wp\/v2\/media\/44945"}],"wp:attachment":[{"href":"https:\/\/www.caririemacao.com\/1\/wp-json\/wp\/v2\/media?parent=44944"}],"wp:term":[{"taxonomy":"category","embeddable":true,"href":"https:\/\/www.caririemacao.com\/1\/wp-json\/wp\/v2\/categories?post=44944"},{"taxonomy":"post_tag","embeddable":true,"href":"https:\/\/www.caririemacao.com\/1\/wp-json\/wp\/v2\/tags?post=44944"}],"curies":[{"name":"wp","href":"https:\/\/api.w.org\/{rel}","templated":true}]}}