{"id":44962,"date":"2018-03-22T13:02:36","date_gmt":"2018-03-22T16:02:36","guid":{"rendered":"http:\/\/caririemacao.com\/1\/?p=44962"},"modified":"2018-03-22T13:02:36","modified_gmt":"2018-03-22T16:02:36","slug":"camara-de-caraubas-realizou-sessao-nesta-terca-feira-dia-20","status":"publish","type":"post","link":"https:\/\/www.caririemacao.com\/1\/2018\/03\/22\/camara-de-caraubas-realizou-sessao-nesta-terca-feira-dia-20\/","title":{"rendered":"C\u00e2mara de Cara\u00fabas realizou sess\u00e3o nesta ter\u00e7a-feira, dia 20"},"content":{"rendered":"<p>Na noite desta ter\u00e7a feira, 20, a C\u00e2mara de Vereadores de Cara\u00fabas se reuniu em mais uma sess\u00e3o ordin\u00e1ria presidida pelo vereador Renivan Neves.<\/p>\n<p><a href=\"http:\/\/caririemacao.com\/1\/?attachment_id=44967\" rel=\"attachment wp-att-44967\"><img fetchpriority=\"high\" decoding=\"async\" class=\"aligncenter size-full wp-image-44967\" src=\"http:\/\/caririemacao.com\/1\/wp-content\/uploads\/2018\/03\/IMG_3832.jpg\" alt=\"\" width=\"800\" height=\"533\" srcset=\"https:\/\/www.caririemacao.com\/1\/wp-content\/uploads\/2018\/03\/IMG_3832.jpg 800w, https:\/\/www.caririemacao.com\/1\/wp-content\/uploads\/2018\/03\/IMG_3832-300x200.jpg 300w, https:\/\/www.caririemacao.com\/1\/wp-content\/uploads\/2018\/03\/IMG_3832-768x512.jpg 768w\" sizes=\"(max-width: 800px) 100vw, 800px\" \/><\/a><\/p>\n<p>Al\u00e9m dos vereadores caraubenses, esteve prestigiando os trabalhos, o vereador do Congo, Tim\u00f3teo Martins.<\/p>\n<p><a href=\"http:\/\/caririemacao.com\/1\/?attachment_id=44971\" rel=\"attachment wp-att-44971\"><img decoding=\"async\" class=\"aligncenter size-full wp-image-44971 lazyload\" data-src=\"http:\/\/caririemacao.com\/1\/wp-content\/uploads\/2018\/03\/IMG_3840.jpg\" alt=\"\" width=\"800\" height=\"533\" data-srcset=\"https:\/\/www.caririemacao.com\/1\/wp-content\/uploads\/2018\/03\/IMG_3840.jpg 800w, https:\/\/www.caririemacao.com\/1\/wp-content\/uploads\/2018\/03\/IMG_3840-300x200.jpg 300w, https:\/\/www.caririemacao.com\/1\/wp-content\/uploads\/2018\/03\/IMG_3840-768x512.jpg 768w\" data-sizes=\"(max-width: 800px) 100vw, 800px\" src=\"data:image\/svg+xml;base64,PHN2ZyB3aWR0aD0iMSIgaGVpZ2h0PSIxIiB4bWxucz0iaHR0cDovL3d3dy53My5vcmcvMjAwMC9zdmciPjwvc3ZnPg==\" style=\"--smush-placeholder-width: 800px; --smush-placeholder-aspect-ratio: 800\/533;\" \/><\/a><\/p>\n<p>Durante a sess\u00e3o, foram apresentadas v\u00e1rias proposituras. O vereador In\u00e1cio Filho (MDB) solicitou da gest\u00e3o municipal um posto de sa\u00fade para a comunidade de Curimat\u00e3s. In\u00e1cio ainda requereu uma resposta por parte da gest\u00e3o do munic\u00edpio no que diz respeito ao funcionamento dos dessalinizadores do Programa \u00c1gua Doce. O vereador ainda pediu a gest\u00e3o que seja disponibilizado mais um carro para atender o distrito de Barreiras.<\/p>\n<p><a href=\"http:\/\/caririemacao.com\/1\/?attachment_id=44970\" rel=\"attachment wp-att-44970\"><img decoding=\"async\" class=\"aligncenter size-full wp-image-44970 lazyload\" data-src=\"http:\/\/caririemacao.com\/1\/wp-content\/uploads\/2018\/03\/IMG_3838.jpg\" alt=\"\" width=\"800\" height=\"533\" data-srcset=\"https:\/\/www.caririemacao.com\/1\/wp-content\/uploads\/2018\/03\/IMG_3838.jpg 800w, https:\/\/www.caririemacao.com\/1\/wp-content\/uploads\/2018\/03\/IMG_3838-300x200.jpg 300w, https:\/\/www.caririemacao.com\/1\/wp-content\/uploads\/2018\/03\/IMG_3838-768x512.jpg 768w\" data-sizes=\"(max-width: 800px) 100vw, 800px\" src=\"data:image\/svg+xml;base64,PHN2ZyB3aWR0aD0iMSIgaGVpZ2h0PSIxIiB4bWxucz0iaHR0cDovL3d3dy53My5vcmcvMjAwMC9zdmciPjwvc3ZnPg==\" style=\"--smush-placeholder-width: 800px; --smush-placeholder-aspect-ratio: 800\/533;\" \/><\/a><\/p>\n<p>O vereador F\u00e1bio Pereira (MDB), na tribuna, apresentou um voto de pesar pelo falecimento de Geraldo Pereira de Souza, conhecido como Geraldo Mulato, falecido no decorrer da semana no munic\u00edpio de Cara\u00fabas. Durante seu pronunciamento, o vereador F\u00e1bio solicitou da Gest\u00e3o Municipal a recupera\u00e7\u00e3o da passagem molhada que d\u00e1 acesso as comunidades rurais de Ponta de Serra e Passagem que ficaram danificadas ap\u00f3s as fortes chuvas na regi\u00e3o.<\/p>\n<p><a href=\"http:\/\/caririemacao.com\/1\/?attachment_id=44969\" rel=\"attachment wp-att-44969\"><img decoding=\"async\" class=\"aligncenter size-full wp-image-44969 lazyload\" data-src=\"http:\/\/caririemacao.com\/1\/wp-content\/uploads\/2018\/03\/IMG_3837.jpg\" alt=\"\" width=\"800\" height=\"533\" data-srcset=\"https:\/\/www.caririemacao.com\/1\/wp-content\/uploads\/2018\/03\/IMG_3837.jpg 800w, https:\/\/www.caririemacao.com\/1\/wp-content\/uploads\/2018\/03\/IMG_3837-300x200.jpg 300w, https:\/\/www.caririemacao.com\/1\/wp-content\/uploads\/2018\/03\/IMG_3837-768x512.jpg 768w\" data-sizes=\"(max-width: 800px) 100vw, 800px\" src=\"data:image\/svg+xml;base64,PHN2ZyB3aWR0aD0iMSIgaGVpZ2h0PSIxIiB4bWxucz0iaHR0cDovL3d3dy53My5vcmcvMjAwMC9zdmciPjwvc3ZnPg==\" style=\"--smush-placeholder-width: 800px; --smush-placeholder-aspect-ratio: 800\/533;\" \/><\/a><\/p>\n<p>J\u00e1 o vereador e l\u00edder do governo, Arimat\u00e9a Fernandes (Teinha), destacou em seu pronunciamento a import\u00e2ncia do trabalho dos vereadores de cobrar um bom trabalho da gest\u00e3o, no sentido de melhorar a vida da popula\u00e7\u00e3o. Em sua fala, Teinha destacou que os esfor\u00e7os do governo Silvano para atender todos os pedidos da popula\u00e7\u00e3o. Ele lembrou ainda que o prefeito encontrou uma estrutura administrativa totalmente desorganizada e que dificultou o trabalho da gest\u00e3o no primeiro ano e que depois de organizada, o munic\u00edpio de Cara\u00fabas ganhar\u00e1 e muito com a gest\u00e3o do prefeito Silvano.<\/p>\n<p><a href=\"http:\/\/caririemacao.com\/1\/?attachment_id=44974\" rel=\"attachment wp-att-44974\"><img decoding=\"async\" class=\"aligncenter size-full wp-image-44974 lazyload\" data-src=\"http:\/\/caririemacao.com\/1\/wp-content\/uploads\/2018\/03\/IMG_3868.jpg\" alt=\"\" width=\"800\" height=\"533\" data-srcset=\"https:\/\/www.caririemacao.com\/1\/wp-content\/uploads\/2018\/03\/IMG_3868.jpg 800w, https:\/\/www.caririemacao.com\/1\/wp-content\/uploads\/2018\/03\/IMG_3868-300x200.jpg 300w, https:\/\/www.caririemacao.com\/1\/wp-content\/uploads\/2018\/03\/IMG_3868-768x512.jpg 768w\" data-sizes=\"(max-width: 800px) 100vw, 800px\" src=\"data:image\/svg+xml;base64,PHN2ZyB3aWR0aD0iMSIgaGVpZ2h0PSIxIiB4bWxucz0iaHR0cDovL3d3dy53My5vcmcvMjAwMC9zdmciPjwvc3ZnPg==\" style=\"--smush-placeholder-width: 800px; --smush-placeholder-aspect-ratio: 800\/533;\" \/><\/a><\/p>\n<p>O vereador Tomaz Arquino (PSB) tamb\u00e9m estendeu o seu voto de pesar aos familiares do senhor Geraldo Mulato. Tomaz parabenizou a gest\u00e3o do munic\u00edpio por ter conseguido a aprova\u00e7\u00e3o de um projeto de efici\u00eancia energ\u00e9tica, que substituir\u00e1 toda a ilumina\u00e7\u00e3o do munic\u00edpio por l\u00e2mpadas de LED. Ele lembrou que a troca das l\u00e2mpadas economizar\u00e1 n\u00e3o s\u00f3 a energia mais tamb\u00e9m o dinheiro p\u00fablico.<\/p>\n<p><a href=\"http:\/\/caririemacao.com\/1\/?attachment_id=44968\" rel=\"attachment wp-att-44968\"><img decoding=\"async\" class=\"aligncenter size-full wp-image-44968 lazyload\" data-src=\"http:\/\/caririemacao.com\/1\/wp-content\/uploads\/2018\/03\/IMG_3834.jpg\" alt=\"\" width=\"800\" height=\"533\" data-srcset=\"https:\/\/www.caririemacao.com\/1\/wp-content\/uploads\/2018\/03\/IMG_3834.jpg 800w, https:\/\/www.caririemacao.com\/1\/wp-content\/uploads\/2018\/03\/IMG_3834-300x200.jpg 300w, https:\/\/www.caririemacao.com\/1\/wp-content\/uploads\/2018\/03\/IMG_3834-768x512.jpg 768w\" data-sizes=\"(max-width: 800px) 100vw, 800px\" src=\"data:image\/svg+xml;base64,PHN2ZyB3aWR0aD0iMSIgaGVpZ2h0PSIxIiB4bWxucz0iaHR0cDovL3d3dy53My5vcmcvMjAwMC9zdmciPjwvc3ZnPg==\" style=\"--smush-placeholder-width: 800px; --smush-placeholder-aspect-ratio: 800\/533;\" \/><\/a><\/p>\n<p>O parlamentar Nero Silva (PSB), inicialmente lamentou a morte vereadora carioca, Marielle Franco, que foi assassinada brutalmente em uma emboscada no Rio de Janeiro. Em seu discurso, Nero cobrou da CAGEPA mais respeito com a popula\u00e7\u00e3o de Cara\u00fabas, segundo ele, a empresa tem dado um tratamento desumano ao povo de Cara\u00fabas no que diz respeito a abastecimento d\u2019\u00e1gua. Ele cobrou a conclus\u00e3o da adutora que levar\u00e1 \u00e1gua a popula\u00e7\u00e3o do munic\u00edpio.<\/p>\n<p>Nero ainda solicitou do prefeito municipal melhorias nas estradas do munic\u00edpio, j\u00e1 que as fortes chuvas danificaram as estradas vicinais. Por fim, o parlamentar pediu apoio aos pares para as fam\u00edlias de alguns caraubenses que v\u00e3o jogar em um time profissional de Afogados da Ingazeira\/PE, e voltou a apontar a necessidade de incentivar o esporte no munic\u00edpio.<\/p>\n<p><a href=\"http:\/\/caririemacao.com\/1\/?attachment_id=44972\" rel=\"attachment wp-att-44972\"><img decoding=\"async\" class=\"aligncenter size-full wp-image-44972 lazyload\" data-src=\"http:\/\/caririemacao.com\/1\/wp-content\/uploads\/2018\/03\/IMG_3841.jpg\" alt=\"\" width=\"800\" height=\"533\" data-srcset=\"https:\/\/www.caririemacao.com\/1\/wp-content\/uploads\/2018\/03\/IMG_3841.jpg 800w, https:\/\/www.caririemacao.com\/1\/wp-content\/uploads\/2018\/03\/IMG_3841-300x200.jpg 300w, https:\/\/www.caririemacao.com\/1\/wp-content\/uploads\/2018\/03\/IMG_3841-768x512.jpg 768w\" data-sizes=\"(max-width: 800px) 100vw, 800px\" src=\"data:image\/svg+xml;base64,PHN2ZyB3aWR0aD0iMSIgaGVpZ2h0PSIxIiB4bWxucz0iaHR0cDovL3d3dy53My5vcmcvMjAwMC9zdmciPjwvc3ZnPg==\" style=\"--smush-placeholder-width: 800px; --smush-placeholder-aspect-ratio: 800\/533;\" \/><\/a><\/p>\n<p>J\u00e1 o vereador Nerivan Alvares (MDB) tamb\u00e9m esteve na tribuna e pediu mais celeridade nas obras do Governo do Estado que est\u00e3o sendo executadas no munic\u00edpio. Ele ainda destacou que h\u00e1 uma necessidade urgente de concluir a adutora para levar \u00e1gua as torneiras da popula\u00e7\u00e3o. Nerivan ainda pediu ao prefeito Silvano que seja dado uma aten\u00e7\u00e3o ao esporte do munic\u00edpio. Ap\u00f3s o debate da tribuna, o presidente colocou em vota\u00e7\u00e3o uma mo\u00e7\u00e3o de aplausos a todas as mulheres Caraubenses. A propositura foi apresentada pela vereadora, Neide Fernandes, pelo Dia Internacional da Mulher.<\/p>\n<p><a href=\"http:\/\/caririemacao.com\/1\/?attachment_id=44973\" rel=\"attachment wp-att-44973\"><img decoding=\"async\" class=\"aligncenter size-full wp-image-44973 lazyload\" data-src=\"http:\/\/caririemacao.com\/1\/wp-content\/uploads\/2018\/03\/IMG_3854.jpg\" alt=\"\" width=\"800\" height=\"533\" data-srcset=\"https:\/\/www.caririemacao.com\/1\/wp-content\/uploads\/2018\/03\/IMG_3854.jpg 800w, https:\/\/www.caririemacao.com\/1\/wp-content\/uploads\/2018\/03\/IMG_3854-300x200.jpg 300w, https:\/\/www.caririemacao.com\/1\/wp-content\/uploads\/2018\/03\/IMG_3854-768x512.jpg 768w\" data-sizes=\"(max-width: 800px) 100vw, 800px\" src=\"data:image\/svg+xml;base64,PHN2ZyB3aWR0aD0iMSIgaGVpZ2h0PSIxIiB4bWxucz0iaHR0cDovL3d3dy53My5vcmcvMjAwMC9zdmciPjwvc3ZnPg==\" style=\"--smush-placeholder-width: 800px; --smush-placeholder-aspect-ratio: 800\/533;\" \/><\/a><\/p>\n<p>No fim, o presidente Renivan agradeceu a presen\u00e7a de todos e convidou toda popula\u00e7\u00e3o para a pr\u00f3xima reuni\u00e3o dia 3 de abril.<\/p>\n<h3><a href=\"https:\/\/www.facebook.com\/pg\/CaririEmAcao\/photos\/?tab=album&amp;album_id=1207406712728683\">Veja fotos aqui\u00a0<\/a><\/h3>\n<p><strong>CARIRI EM A\u00c7\u00c3O<\/strong><\/p>\n<p><strong>Leia mais not\u00edcias em\u00a0<\/strong><a href=\"http:\/\/www.caririemacao.com\/\"><strong>caririemacao.com<\/strong><\/a><strong>, siga nossa p\u00e1gina no\u00a0<\/strong><a href=\"https:\/\/www.facebook.com\/CaririEmAcao\/?ref=aymt_homepage_panel\"><strong>Facebook<\/strong><\/a>,<strong>\u00a0<\/strong><a href=\"https:\/\/www.instagram.com\/cariri_em_acao\/?hl=pt-br\"><strong>Instagram<\/strong><\/a><strong>\u00a0e <\/strong><a href=\"https:\/\/www.youtube.com\/channel\/UCAptA0jQuYQy8vMhLt2m4qg\"><strong>Youtube<\/strong><\/a><strong>\u00a0e veja nossas mat\u00e9rias, v\u00eddeos e fotos. Voc\u00ea tamb\u00e9m pode enviar informa\u00e7\u00f5es \u00e0 Reda\u00e7\u00e3o do Portal Cariri em A\u00e7\u00e3o pelo WhatsApp (83) 9 9634.5791, (83) 9 9601-1162.<\/strong><\/p>\n","protected":false},"excerpt":{"rendered":"<p>Na noite desta ter\u00e7a feira, 20, a C\u00e2mara de Vereadores de Cara\u00fabas se reuniu em mais uma sess\u00e3o ordin\u00e1ria presidida pelo vereador Renivan Neves. Al\u00e9m&hellip; <\/p>\n","protected":false},"author":2,"featured_media":44966,"comment_status":"closed","ping_status":"closed","sticky":false,"template":"","format":"standard","meta":{"sfsi_plus_gutenberg_text_before_share":"","sfsi_plus_gutenberg_show_text_before_share":"","sfsi_plus_gutenberg_icon_type":"","sfsi_plus_gutenberg_icon_alignemt":"","sfsi_plus_gutenburg_max_per_row":"","footnotes":""},"categories":[2],"tags":[],"class_list":["post-44962","post","type-post","status-publish","format-standard","has-post-thumbnail","hentry","category-geral"],"_links":{"self":[{"href":"https:\/\/www.caririemacao.com\/1\/wp-json\/wp\/v2\/posts\/44962","targetHints":{"allow":["GET"]}}],"collection":[{"href":"https:\/\/www.caririemacao.com\/1\/wp-json\/wp\/v2\/posts"}],"about":[{"href":"https:\/\/www.caririemacao.com\/1\/wp-json\/wp\/v2\/types\/post"}],"author":[{"embeddable":true,"href":"https:\/\/www.caririemacao.com\/1\/wp-json\/wp\/v2\/users\/2"}],"replies":[{"embeddable":true,"href":"https:\/\/www.caririemacao.com\/1\/wp-json\/wp\/v2\/comments?post=44962"}],"version-history":[{"count":0,"href":"https:\/\/www.caririemacao.com\/1\/wp-json\/wp\/v2\/posts\/44962\/revisions"}],"wp:featuredmedia":[{"embeddable":true,"href":"https:\/\/www.caririemacao.com\/1\/wp-json\/wp\/v2\/media\/44966"}],"wp:attachment":[{"href":"https:\/\/www.caririemacao.com\/1\/wp-json\/wp\/v2\/media?parent=44962"}],"wp:term":[{"taxonomy":"category","embeddable":true,"href":"https:\/\/www.caririemacao.com\/1\/wp-json\/wp\/v2\/categories?post=44962"},{"taxonomy":"post_tag","embeddable":true,"href":"https:\/\/www.caririemacao.com\/1\/wp-json\/wp\/v2\/tags?post=44962"}],"curies":[{"name":"wp","href":"https:\/\/api.w.org\/{rel}","templated":true}]}}