{"id":45197,"date":"2018-03-25T08:37:48","date_gmt":"2018-03-25T11:37:48","guid":{"rendered":"http:\/\/caririemacao.com\/1\/?p=45197"},"modified":"2018-03-25T08:37:48","modified_gmt":"2018-03-25T11:37:48","slug":"temer-intensifica-agenda-de-inauguracoes-para-tentar-reeleicao","status":"publish","type":"post","link":"https:\/\/www.caririemacao.com\/1\/2018\/03\/25\/temer-intensifica-agenda-de-inauguracoes-para-tentar-reeleicao\/","title":{"rendered":"Temer intensifica agenda de inaugura\u00e7\u00f5es para tentar reelei\u00e7\u00e3o"},"content":{"rendered":"<p><span class=\"news_capital_letter\">O\u00a0<\/span>presidente Michel Temer deve cumprir uma agenda de inaugura\u00e7\u00f5es de obras pelo pa\u00eds at\u00e9 julho, data limite para a\u00e7\u00f5es do tipo em ano eleitoral, tentando viabilizar sua candidatura ao Pal\u00e1cio do Planalto nas elei\u00e7\u00f5es deste ano. As informa\u00e7\u00f5es s\u00e3o do jornal Folha de S. Paulo.<\/p>\n<p>A pr\u00e9-campanha come\u00e7ou na \u00faltima semana, quando o presidente viajou a Xique-Xique, na Bahia, para inaugurar o projeto de irriga\u00e7\u00e3o do Baixio-Irec\u00ea. O canal foi constru\u00eddo h\u00e1 quatro anos, antes de o emedebista assumir o Planalto, mas n\u00e3o funcionava. Na sexta-feira (23), Temer tamb\u00e9m cumpriu agenda em Petrolina, Pernambuco, em evento que anunciou libera\u00e7\u00e3o de verbas para creches da regi\u00e3o.<\/p>\n<p>Al\u00e9m das viagens, assessores e auxiliares do presidente elaboram uma plano de a\u00e7\u00e3o que incluir\u00e1 reajuste do Bolsa Fam\u00edlia, entrega de resid\u00eancia populares, inaugura\u00e7\u00e3o de terminais em aeroportos e visita a um hospital j\u00e1 em funcionamento. A previs\u00e3o \u00e9 que Temer fa\u00e7a uma viagem do tipo por semana a fim de aumentar sua popularidade, que era de 6% na \u00faltima pesquisa Datafolha.<\/p>\n<p><strong>CARIRI EM A\u00c7\u00c3O<\/strong><\/p>\n<p><em>Com Not\u00edcias ao Minuto\/Foto:\u00a0Beto Barata<\/em><\/p>\n<p><strong>Leia mais not\u00edcias em\u00a0<\/strong><a href=\"http:\/\/www.caririemacao.com\/\"><strong>caririemacao.com<\/strong><\/a><strong>, siga nossa p\u00e1gina no\u00a0<\/strong><a href=\"https:\/\/www.facebook.com\/CaririEmAcao\/?ref=aymt_homepage_panel\"><strong>Facebook<\/strong><\/a>,<strong>\u00a0<\/strong><a href=\"https:\/\/www.instagram.com\/cariri_em_acao\/?hl=pt-br\"><strong>Instagram<\/strong><\/a><strong>\u00a0e\u00a0<\/strong><a href=\"https:\/\/www.youtube.com\/channel\/UCAptA0jQuYQy8vMhLt2m4qg\"><strong>Youtube<\/strong><\/a><strong>\u00a0e veja nossas mat\u00e9rias, v\u00eddeos e fotos. Voc\u00ea tamb\u00e9m pode enviar informa\u00e7\u00f5es \u00e0 Reda\u00e7\u00e3o do Portal Cariri em A\u00e7\u00e3o pelo WhatsApp (83) 9 9634.5791, (83) 9 9601-1162.<\/strong><\/p>\n","protected":false},"excerpt":{"rendered":"<p>O\u00a0presidente Michel Temer deve cumprir uma agenda de inaugura\u00e7\u00f5es de obras pelo pa\u00eds at\u00e9 julho, data limite para a\u00e7\u00f5es do tipo em ano eleitoral, tentando&hellip; <\/p>\n","protected":false},"author":2,"featured_media":45198,"comment_status":"closed","ping_status":"closed","sticky":false,"template":"","format":"standard","meta":{"sfsi_plus_gutenberg_text_before_share":"","sfsi_plus_gutenberg_show_text_before_share":"","sfsi_plus_gutenberg_icon_type":"","sfsi_plus_gutenberg_icon_alignemt":"","sfsi_plus_gutenburg_max_per_row":"","footnotes":""},"categories":[11],"tags":[],"class_list":["post-45197","post","type-post","status-publish","format-standard","has-post-thumbnail","hentry","category-politica"],"_links":{"self":[{"href":"https:\/\/www.caririemacao.com\/1\/wp-json\/wp\/v2\/posts\/45197","targetHints":{"allow":["GET"]}}],"collection":[{"href":"https:\/\/www.caririemacao.com\/1\/wp-json\/wp\/v2\/posts"}],"about":[{"href":"https:\/\/www.caririemacao.com\/1\/wp-json\/wp\/v2\/types\/post"}],"author":[{"embeddable":true,"href":"https:\/\/www.caririemacao.com\/1\/wp-json\/wp\/v2\/users\/2"}],"replies":[{"embeddable":true,"href":"https:\/\/www.caririemacao.com\/1\/wp-json\/wp\/v2\/comments?post=45197"}],"version-history":[{"count":0,"href":"https:\/\/www.caririemacao.com\/1\/wp-json\/wp\/v2\/posts\/45197\/revisions"}],"wp:featuredmedia":[{"embeddable":true,"href":"https:\/\/www.caririemacao.com\/1\/wp-json\/wp\/v2\/media\/45198"}],"wp:attachment":[{"href":"https:\/\/www.caririemacao.com\/1\/wp-json\/wp\/v2\/media?parent=45197"}],"wp:term":[{"taxonomy":"category","embeddable":true,"href":"https:\/\/www.caririemacao.com\/1\/wp-json\/wp\/v2\/categories?post=45197"},{"taxonomy":"post_tag","embeddable":true,"href":"https:\/\/www.caririemacao.com\/1\/wp-json\/wp\/v2\/tags?post=45197"}],"curies":[{"name":"wp","href":"https:\/\/api.w.org\/{rel}","templated":true}]}}