{"id":45200,"date":"2018-03-25T08:51:31","date_gmt":"2018-03-25T11:51:31","guid":{"rendered":"http:\/\/caririemacao.com\/1\/?p=45200"},"modified":"2018-03-25T08:51:31","modified_gmt":"2018-03-25T11:51:31","slug":"lula-sobre-tentativa-de-impedimento-de-comicio-herdeiros-de-hitler","status":"publish","type":"post","link":"https:\/\/www.caririemacao.com\/1\/2018\/03\/25\/lula-sobre-tentativa-de-impedimento-de-comicio-herdeiros-de-hitler\/","title":{"rendered":"Lula sobre tentativa de impedimento de com\u00edcio: &#8216;Herdeiros de Hitler&#8217;"},"content":{"rendered":"<p><span class=\"news_capital_letter\">O\u00a0<\/span>ex-presidente Lula foi duro nas cr\u00edticas a pessoas que, segundo ele, teriam tentado impedir a realiza\u00e7\u00e3o de seu com\u00edcio na cidade catarinense de Chapec\u00f3 na noite deste s\u00e1bado.<\/p>\n<p>&#8220;Eu estou na luta sindical desde 1969 e nunca vi gente tentando impedir que outras pessoas fa\u00e7am com\u00edcio, caravana e debate nas cidades. Esses herdeiros pol\u00edticos de Hitler e Franco n\u00e3o t\u00eam coragem de juntar gente para fazer um com\u00edcio a favor do candidato deles. S\u00f3 podem tentar atrapalhar o dos outros&#8221;, afirmou.<\/p>\n<p>&#8220;Queriam me impedir de chegar aqui. Eu nunca vi isso. Querem ganhar? V\u00e3o disputar as elei\u00e7\u00f5es e ganhem no voto&#8221;, emendou.<\/p>\n<p><strong>CARIRI EM A\u00c7\u00c3O<\/strong><\/p>\n<p><em>Com Not\u00edcia ao Minuto\/Foto:\u00a0\u00a0Ricardo Stuckert<\/em><\/p>\n<p><strong>Leia mais not\u00edcias em\u00a0<\/strong><a href=\"http:\/\/www.caririemacao.com\/\"><strong>caririemacao.com<\/strong><\/a><strong>, siga nossa p\u00e1gina no\u00a0<\/strong><a href=\"https:\/\/www.facebook.com\/CaririEmAcao\/?ref=aymt_homepage_panel\"><strong>Facebook<\/strong><\/a>,<strong>\u00a0<\/strong><a href=\"https:\/\/www.instagram.com\/cariri_em_acao\/?hl=pt-br\"><strong>Instagram<\/strong><\/a><strong>\u00a0e\u00a0<\/strong><a href=\"https:\/\/www.youtube.com\/channel\/UCAptA0jQuYQy8vMhLt2m4qg\"><strong>Youtube<\/strong><\/a><strong>\u00a0e veja nossas mat\u00e9rias, v\u00eddeos e fotos. Voc\u00ea tamb\u00e9m pode enviar informa\u00e7\u00f5es \u00e0 Reda\u00e7\u00e3o do Portal Cariri em A\u00e7\u00e3o pelo WhatsApp (83) 9 9634.5791, (83) 9 9601-1162.<\/strong><\/p>\n","protected":false},"excerpt":{"rendered":"<p>O\u00a0ex-presidente Lula foi duro nas cr\u00edticas a pessoas que, segundo ele, teriam tentado impedir a realiza\u00e7\u00e3o de seu com\u00edcio na cidade catarinense de Chapec\u00f3 na&hellip; <\/p>\n","protected":false},"author":2,"featured_media":45201,"comment_status":"closed","ping_status":"closed","sticky":false,"template":"","format":"standard","meta":{"sfsi_plus_gutenberg_text_before_share":"","sfsi_plus_gutenberg_show_text_before_share":"","sfsi_plus_gutenberg_icon_type":"","sfsi_plus_gutenberg_icon_alignemt":"","sfsi_plus_gutenburg_max_per_row":"","footnotes":""},"categories":[11],"tags":[],"class_list":["post-45200","post","type-post","status-publish","format-standard","has-post-thumbnail","hentry","category-politica"],"_links":{"self":[{"href":"https:\/\/www.caririemacao.com\/1\/wp-json\/wp\/v2\/posts\/45200","targetHints":{"allow":["GET"]}}],"collection":[{"href":"https:\/\/www.caririemacao.com\/1\/wp-json\/wp\/v2\/posts"}],"about":[{"href":"https:\/\/www.caririemacao.com\/1\/wp-json\/wp\/v2\/types\/post"}],"author":[{"embeddable":true,"href":"https:\/\/www.caririemacao.com\/1\/wp-json\/wp\/v2\/users\/2"}],"replies":[{"embeddable":true,"href":"https:\/\/www.caririemacao.com\/1\/wp-json\/wp\/v2\/comments?post=45200"}],"version-history":[{"count":0,"href":"https:\/\/www.caririemacao.com\/1\/wp-json\/wp\/v2\/posts\/45200\/revisions"}],"wp:featuredmedia":[{"embeddable":true,"href":"https:\/\/www.caririemacao.com\/1\/wp-json\/wp\/v2\/media\/45201"}],"wp:attachment":[{"href":"https:\/\/www.caririemacao.com\/1\/wp-json\/wp\/v2\/media?parent=45200"}],"wp:term":[{"taxonomy":"category","embeddable":true,"href":"https:\/\/www.caririemacao.com\/1\/wp-json\/wp\/v2\/categories?post=45200"},{"taxonomy":"post_tag","embeddable":true,"href":"https:\/\/www.caririemacao.com\/1\/wp-json\/wp\/v2\/tags?post=45200"}],"curies":[{"name":"wp","href":"https:\/\/api.w.org\/{rel}","templated":true}]}}