{"id":45204,"date":"2018-03-25T09:33:13","date_gmt":"2018-03-25T12:33:13","guid":{"rendered":"http:\/\/caririemacao.com\/1\/?p=45204"},"modified":"2018-03-25T09:33:13","modified_gmt":"2018-03-25T12:33:13","slug":"chuva-vento-e-granizo-em-cabaceiras-neste-sabado","status":"publish","type":"post","link":"https:\/\/www.caririemacao.com\/1\/2018\/03\/25\/chuva-vento-e-granizo-em-cabaceiras-neste-sabado\/","title":{"rendered":"Chuva vento e granizo em Cabaceiras neste s\u00e1bado"},"content":{"rendered":"<p>Moradores da cidade de Cabaceiras, no Cariri, exibiram v\u00eddeos nas redes sociais da forte chuva registrada nesta s\u00e1bado (24) na cidade.<\/p>\n<p>Alguns moradores confirmam que choveu granizo na Roli\u00fade Nordestina e exibem o v\u00eddeo das pequenas pedras de gelo.<\/p>\n<p>A chuva foi uma das maiores do \u00faltimos tempos, segundo informa\u00e7\u00f5es de pessoas mas experientes. O temporal durou uma m\u00e9dia de 40 minutos e alagou alguns pontos da cidade.<\/p>\n<p>Parte do famoso letreiro da &#8216;Roli\u00fade Nordestina&#8217; n\u00e3o resistiu aos ventos e tombou.<\/p>\n<p>Em Barra de S\u00e3o Miguel e S\u00e3o Domingos do Cariri tamb\u00e9m choveu forte.<\/p>\n<p><strong>CARIRI EM A\u00c7\u00c3O<\/strong><\/p>\n<p><em>Com Bruno Lira \/Foto: Reprodu\u00e7\u00e3o Internet<\/em><\/p>\n<p><strong>Leia mais not\u00edcias em\u00a0<\/strong><a href=\"http:\/\/www.caririemacao.com\/\"><strong>caririemacao.com<\/strong><\/a><strong>, siga nossa p\u00e1gina no\u00a0<\/strong><a href=\"https:\/\/www.facebook.com\/CaririEmAcao\/?ref=aymt_homepage_panel\"><strong>Facebook<\/strong><\/a>,<strong>\u00a0<\/strong><a href=\"https:\/\/www.instagram.com\/cariri_em_acao\/?hl=pt-br\"><strong>Instagram<\/strong><\/a><strong>\u00a0e <\/strong><a href=\"https:\/\/www.youtube.com\/channel\/UCAptA0jQuYQy8vMhLt2m4qg\"><strong>Youtube<\/strong><\/a><strong>\u00a0e veja nossas mat\u00e9rias, v\u00eddeos e fotos. Voc\u00ea tamb\u00e9m pode enviar informa\u00e7\u00f5es \u00e0 Reda\u00e7\u00e3o do Portal Cariri em A\u00e7\u00e3o pelo WhatsApp (83) 9 9634.5791, (83) 9 9601-1162.<\/strong><\/p>\n","protected":false},"excerpt":{"rendered":"<p>Moradores da cidade de Cabaceiras, no Cariri, exibiram v\u00eddeos nas redes sociais da forte chuva registrada nesta s\u00e1bado (24) na cidade. Alguns moradores confirmam que&hellip; <\/p>\n","protected":false},"author":2,"featured_media":45205,"comment_status":"closed","ping_status":"closed","sticky":false,"template":"","format":"standard","meta":{"sfsi_plus_gutenberg_text_before_share":"","sfsi_plus_gutenberg_show_text_before_share":"","sfsi_plus_gutenberg_icon_type":"","sfsi_plus_gutenberg_icon_alignemt":"","sfsi_plus_gutenburg_max_per_row":"","footnotes":""},"categories":[6],"tags":[],"class_list":["post-45204","post","type-post","status-publish","format-standard","has-post-thumbnail","hentry","category-cidades"],"_links":{"self":[{"href":"https:\/\/www.caririemacao.com\/1\/wp-json\/wp\/v2\/posts\/45204","targetHints":{"allow":["GET"]}}],"collection":[{"href":"https:\/\/www.caririemacao.com\/1\/wp-json\/wp\/v2\/posts"}],"about":[{"href":"https:\/\/www.caririemacao.com\/1\/wp-json\/wp\/v2\/types\/post"}],"author":[{"embeddable":true,"href":"https:\/\/www.caririemacao.com\/1\/wp-json\/wp\/v2\/users\/2"}],"replies":[{"embeddable":true,"href":"https:\/\/www.caririemacao.com\/1\/wp-json\/wp\/v2\/comments?post=45204"}],"version-history":[{"count":0,"href":"https:\/\/www.caririemacao.com\/1\/wp-json\/wp\/v2\/posts\/45204\/revisions"}],"wp:featuredmedia":[{"embeddable":true,"href":"https:\/\/www.caririemacao.com\/1\/wp-json\/wp\/v2\/media\/45205"}],"wp:attachment":[{"href":"https:\/\/www.caririemacao.com\/1\/wp-json\/wp\/v2\/media?parent=45204"}],"wp:term":[{"taxonomy":"category","embeddable":true,"href":"https:\/\/www.caririemacao.com\/1\/wp-json\/wp\/v2\/categories?post=45204"},{"taxonomy":"post_tag","embeddable":true,"href":"https:\/\/www.caririemacao.com\/1\/wp-json\/wp\/v2\/tags?post=45204"}],"curies":[{"name":"wp","href":"https:\/\/api.w.org\/{rel}","templated":true}]}}