{"id":45230,"date":"2018-03-25T11:01:58","date_gmt":"2018-03-25T14:01:58","guid":{"rendered":"http:\/\/caririemacao.com\/1\/?p=45230"},"modified":"2018-03-25T11:01:58","modified_gmt":"2018-03-25T14:01:58","slug":"para-ciro-gomes-eleicoes-de-2018-serao-as-mais-fraudadas-da-historia","status":"publish","type":"post","link":"https:\/\/www.caririemacao.com\/1\/2018\/03\/25\/para-ciro-gomes-eleicoes-de-2018-serao-as-mais-fraudadas-da-historia\/","title":{"rendered":"Para Ciro Gomes, elei\u00e7\u00f5es de 2018 ser\u00e3o &#8216;as mais fraudadas da hist\u00f3ria&#8217;"},"content":{"rendered":"<p>O pr\u00e9-candidato \u00e0 presid\u00eancia pelo PDT,\u00a0Ciro Gomes, afirmou neste s\u00e1bado, 24, em Barcelona, na Espanha, que as elei\u00e7\u00f5es de 2018 no Brasil correm o risco de ser \u201cuma das mais fraudadas da hist\u00f3ria\u201d. Para o ex-ministro e ex-governador, a mudan\u00e7a nas regras de financiamento de campanha, que entre outras regras pro\u00edbe doa\u00e7\u00f5es por empresas privadas, abre o caminho para que igrejas e o narcotr\u00e1fico \u2013 que movimentam grandes quantidades de dinheiro vivo \u2013 patrocinem o caixa 2 de partidos e candidaturas.<\/p>\n<p>O assunto foi um dos debatidos em um painel do F\u00f3rum Brasil-Espanha, evento neste ano realizado em Barcelona. Dedicado ao debate pol\u00edtico e econ\u00f4mico sobre as rela\u00e7\u00f5es bilaterais, o semin\u00e1rio tem como p\u00fablico estudantes, empres\u00e1rios e acad\u00eamicos e em 2018 se dedicou a projetar o Brasil p\u00f3s-elei\u00e7\u00f5es.<\/p>\n<p>Entre os temas abordados no principal painel do dia, o caixa 2 e a rela\u00e7\u00e3o entre os poderes p\u00fablico e privado tiveram destaque no discurso de Ciro. O pr\u00e9-candidato do PDT disse que, em 38 anos de vida p\u00fablica, p\u00f4de testemunhar a forma como pol\u00edticos de esquerda e de direita se relacionaram com o financiamento oculto de campanha. &#8220;O mundo pol\u00edtico relativiza os pr\u00f3prios valores. Se eu n\u00e3o ponho dinheiro oculto no bolso, eu sou honesto\u201d, exemplificou.<\/p>\n<p>Segundo Ciro, o Brasil agora vai experimentar o financiamento p\u00fablico de campanhas, mas n\u00e3o ter\u00e1 os mecanismos para combater o caixa 2. &#8220;N\u00f3s optamos agora pelo financiamento individual de campanhas. Ok, vamos experimentar. Mas eu desconfio que ser\u00e3o as elei\u00e7\u00f5es mais fraudadas da hist\u00f3ria do pa\u00eds\u201d, afirmou. &#8220;Vai ser muito facilitado por quem circula com grandes quantidades de dinheiro em esp\u00e9cie. Por exemplo, igrejas e narcotr\u00e1fico.&#8221;<\/p>\n<p>Ainda sobre o cen\u00e1rio pol\u00edtico, Ciro voltou a criticar o impeachment de Dilma Rousseff, a quem definiu como \u201cpessoa honrada\u201d, em contraponto ao governo de Temer, ao qual chamou de &#8220;quadrilha de marginais\u201d. Para ele, o Brasil sofre com a falta de educa\u00e7\u00e3o democr\u00e1tica do brasileiro. &#8220;N\u00f3s n\u00e3o temos uma cidadania treinada, e tamb\u00e9m n\u00e3o podemos ter. Nosso povo \u00e9 v\u00edtima de uma hist\u00f3ria autorit\u00e1ria\u201d, avaliou. &#8220;A juventude brasileira imagina, porque cresceu na redemocratiza\u00e7\u00e3o, que n\u00f3s n\u00e3o temos uma voca\u00e7\u00e3o democr\u00e1tica. N\u00f3s n\u00e3o temos nenhuma voca\u00e7\u00e3o democr\u00e1tica. A voca\u00e7\u00e3o brasileira \u00e9 autorit\u00e1ria, golpista.&#8221;<\/p>\n<p>O ex-ministro tamb\u00e9m criticou a agenda de reformas empreendidas pelo governo de\u00a0Michel Temer, em especial a da\u00a0previd\u00eancia\u00a0\u2013 retirada da pauta do Congresso em fevereiro. Segundo ele, as medidas propostas n\u00e3o enfrentam os privil\u00e9gios de 2% dos segurados \u2013 entre pol\u00edticos, magistrados e nichos do funcionalismo p\u00fablico \u2013, beneficiados por um ter\u00e7o de todo o or\u00e7amento previdenci\u00e1rio. J\u00e1 a nova legisla\u00e7\u00e3o trabalhista, conforme Ciro, n\u00e3o enfrenta o alto grau de informalidade da economia, o que prejudica a arrecada\u00e7\u00e3o e as contas p\u00fablicas.<\/p>\n<p><strong>CARIRI EM A\u00c7\u00c3O<\/strong><\/p>\n<p><em>Com MSN \/Foto: Reprodu\u00e7\u00e3o Internet<\/em><\/p>\n<p><strong>Leia mais not\u00edcias em\u00a0<\/strong><a href=\"http:\/\/www.caririemacao.com\/\"><strong>caririemacao.com<\/strong><\/a><strong>, siga nossa p\u00e1gina no\u00a0<\/strong><a href=\"https:\/\/www.facebook.com\/CaririEmAcao\/?ref=aymt_homepage_panel\"><strong>Facebook<\/strong><\/a>,<strong>\u00a0<\/strong><a href=\"https:\/\/www.instagram.com\/cariri_em_acao\/?hl=pt-br\"><strong>Instagram<\/strong><\/a><strong>\u00a0e <\/strong><a href=\"https:\/\/www.youtube.com\/channel\/UCAptA0jQuYQy8vMhLt2m4qg\"><strong>Youtube<\/strong><\/a><strong>\u00a0e veja nossas mat\u00e9rias, v\u00eddeos e fotos. Voc\u00ea tamb\u00e9m pode enviar informa\u00e7\u00f5es \u00e0 Reda\u00e7\u00e3o do Portal Cariri em A\u00e7\u00e3o pelo WhatsApp (83) 9 9634.5791, (83) 9 9601-1162.<\/strong><\/p>\n","protected":false},"excerpt":{"rendered":"<p>O pr\u00e9-candidato \u00e0 presid\u00eancia pelo PDT,\u00a0Ciro Gomes, afirmou neste s\u00e1bado, 24, em Barcelona, na Espanha, que as elei\u00e7\u00f5es de 2018 no Brasil correm o risco&hellip; <\/p>\n","protected":false},"author":2,"featured_media":45231,"comment_status":"closed","ping_status":"closed","sticky":false,"template":"","format":"standard","meta":{"sfsi_plus_gutenberg_text_before_share":"","sfsi_plus_gutenberg_show_text_before_share":"","sfsi_plus_gutenberg_icon_type":"","sfsi_plus_gutenberg_icon_alignemt":"","sfsi_plus_gutenburg_max_per_row":"","footnotes":""},"categories":[11],"tags":[],"class_list":["post-45230","post","type-post","status-publish","format-standard","has-post-thumbnail","hentry","category-politica"],"_links":{"self":[{"href":"https:\/\/www.caririemacao.com\/1\/wp-json\/wp\/v2\/posts\/45230","targetHints":{"allow":["GET"]}}],"collection":[{"href":"https:\/\/www.caririemacao.com\/1\/wp-json\/wp\/v2\/posts"}],"about":[{"href":"https:\/\/www.caririemacao.com\/1\/wp-json\/wp\/v2\/types\/post"}],"author":[{"embeddable":true,"href":"https:\/\/www.caririemacao.com\/1\/wp-json\/wp\/v2\/users\/2"}],"replies":[{"embeddable":true,"href":"https:\/\/www.caririemacao.com\/1\/wp-json\/wp\/v2\/comments?post=45230"}],"version-history":[{"count":0,"href":"https:\/\/www.caririemacao.com\/1\/wp-json\/wp\/v2\/posts\/45230\/revisions"}],"wp:featuredmedia":[{"embeddable":true,"href":"https:\/\/www.caririemacao.com\/1\/wp-json\/wp\/v2\/media\/45231"}],"wp:attachment":[{"href":"https:\/\/www.caririemacao.com\/1\/wp-json\/wp\/v2\/media?parent=45230"}],"wp:term":[{"taxonomy":"category","embeddable":true,"href":"https:\/\/www.caririemacao.com\/1\/wp-json\/wp\/v2\/categories?post=45230"},{"taxonomy":"post_tag","embeddable":true,"href":"https:\/\/www.caririemacao.com\/1\/wp-json\/wp\/v2\/tags?post=45230"}],"curies":[{"name":"wp","href":"https:\/\/api.w.org\/{rel}","templated":true}]}}