{"id":45233,"date":"2018-03-25T11:09:21","date_gmt":"2018-03-25T14:09:21","guid":{"rendered":"http:\/\/caririemacao.com\/1\/?p=45233"},"modified":"2018-03-25T11:10:51","modified_gmt":"2018-03-25T14:10:51","slug":"ricardo-critica-proibicao-de-azevedo-participar-de-plenaria-do-ode-e-pede-revisao","status":"publish","type":"post","link":"https:\/\/www.caririemacao.com\/1\/2018\/03\/25\/ricardo-critica-proibicao-de-azevedo-participar-de-plenaria-do-ode-e-pede-revisao\/","title":{"rendered":"Ricardo critica proibi\u00e7\u00e3o de Azevedo participar de plen\u00e1ria do ODE e pede revis\u00e3o"},"content":{"rendered":"<p>O governador Ricardo Coutinho (PSB) disse nesta sexta-feira (23), em Campina Grande, que ficou \u2018espantado\u2019 com a decis\u00e3o de proibir o secret\u00e1rio de Infraestrutura e Recursos H\u00eddricos, Jo\u00e3o Azevedo, de participar das plen\u00e1rias do Or\u00e7amento Democr\u00e1tico e Empreender Para\u00edba at\u00e9 o dia 7 de abril. A decis\u00e3o foi do\u00a0vice-presidente do Tribunal Regional Eleitoral da Para\u00edba, desembargador Carlos Martins Beltr\u00e3o Filho. Em caso de desobedi\u00eancia, a decis\u00e3o prev\u00ea que Jo\u00e3o Azevedo pagar\u00e1 multa no valor de R$ 100 mil por cada atividade.<\/p>\n<p>\u201cEu fiquei espantando com essa decis\u00e3o monocr\u00e1tica. E mais, eu que sou governador, pol\u00edtico com muita honra, e a pol\u00edtica \u00e9 o embate das ideias. Eu n\u00e3o posso falar de futuro? Eu n\u00e3o posso falar de elei\u00e7\u00f5es? Como um pol\u00edtico n\u00e3o pode falar de elei\u00e7\u00f5es?\u201d, indagou o governador.<\/p>\n<p>Ele ainda ressaltou as garantias do Estado de Direito. \u201cSinceramente, com todo respeito ao desembargador (Carlos Beltr\u00e3o) e ao TRE, mas eu espero a revis\u00e3o disso. N\u00f3s n\u00e3o podemos estar no Estado de Direito em que ao pol\u00edtico n\u00e3o \u00e9 permitido falar sobre pol\u00edtica\u201d, frisou Ricardo, acrescentando que, como governador, quem decide o secret\u00e1rio que participa do ODE \u00e9 ele.<\/p>\n<p>Jo\u00e3o Azevedo, que \u00e9 pr\u00e9-candidato ao governo pelo PSB, n\u00e3o participou, no final da tarde, em Campina Grande, da plen\u00e1ria do Or\u00e7amento Democr\u00e1tico. Ele acompanhou Ricardo Coutinho na entrega de obras e assinatura de ordem de servi\u00e7o, mas n\u00e3o falou.<\/p>\n<p><strong>CARIRI EM A\u00c7\u00c3O<\/strong><\/p>\n<p><em>Com JPB<\/em><\/p>\n<p><strong>Leia mais not\u00edcias em\u00a0<\/strong><a href=\"http:\/\/www.caririemacao.com\/\"><strong>caririemacao.com<\/strong><\/a><strong>, siga nossa p\u00e1gina no\u00a0<\/strong><a href=\"https:\/\/www.facebook.com\/CaririEmAcao\/?ref=aymt_homepage_panel\"><strong>Facebook<\/strong><\/a>,<strong>\u00a0<\/strong><a href=\"https:\/\/www.instagram.com\/cariri_em_acao\/?hl=pt-br\"><strong>Instagram<\/strong><\/a><strong>\u00a0e <\/strong><a href=\"https:\/\/www.youtube.com\/channel\/UCAptA0jQuYQy8vMhLt2m4qg\"><strong>Youtube<\/strong><\/a><strong>\u00a0e veja nossas mat\u00e9rias, v\u00eddeos e fotos. Voc\u00ea tamb\u00e9m pode enviar informa\u00e7\u00f5es \u00e0 Reda\u00e7\u00e3o do Portal Cariri em A\u00e7\u00e3o pelo WhatsApp (83) 9 9634.5791, (83) 9 9601-1162.<\/strong><\/p>\n","protected":false},"excerpt":{"rendered":"<p>O governador Ricardo Coutinho (PSB) disse nesta sexta-feira (23), em Campina Grande, que ficou \u2018espantado\u2019 com a decis\u00e3o de proibir o secret\u00e1rio de Infraestrutura e&hellip; <\/p>\n","protected":false},"author":2,"featured_media":36117,"comment_status":"closed","ping_status":"closed","sticky":false,"template":"","format":"standard","meta":{"sfsi_plus_gutenberg_text_before_share":"","sfsi_plus_gutenberg_show_text_before_share":"","sfsi_plus_gutenberg_icon_type":"","sfsi_plus_gutenberg_icon_alignemt":"","sfsi_plus_gutenburg_max_per_row":"","footnotes":""},"categories":[11],"tags":[],"class_list":["post-45233","post","type-post","status-publish","format-standard","has-post-thumbnail","hentry","category-politica"],"_links":{"self":[{"href":"https:\/\/www.caririemacao.com\/1\/wp-json\/wp\/v2\/posts\/45233","targetHints":{"allow":["GET"]}}],"collection":[{"href":"https:\/\/www.caririemacao.com\/1\/wp-json\/wp\/v2\/posts"}],"about":[{"href":"https:\/\/www.caririemacao.com\/1\/wp-json\/wp\/v2\/types\/post"}],"author":[{"embeddable":true,"href":"https:\/\/www.caririemacao.com\/1\/wp-json\/wp\/v2\/users\/2"}],"replies":[{"embeddable":true,"href":"https:\/\/www.caririemacao.com\/1\/wp-json\/wp\/v2\/comments?post=45233"}],"version-history":[{"count":0,"href":"https:\/\/www.caririemacao.com\/1\/wp-json\/wp\/v2\/posts\/45233\/revisions"}],"wp:featuredmedia":[{"embeddable":true,"href":"https:\/\/www.caririemacao.com\/1\/wp-json\/wp\/v2\/media\/36117"}],"wp:attachment":[{"href":"https:\/\/www.caririemacao.com\/1\/wp-json\/wp\/v2\/media?parent=45233"}],"wp:term":[{"taxonomy":"category","embeddable":true,"href":"https:\/\/www.caririemacao.com\/1\/wp-json\/wp\/v2\/categories?post=45233"},{"taxonomy":"post_tag","embeddable":true,"href":"https:\/\/www.caririemacao.com\/1\/wp-json\/wp\/v2\/tags?post=45233"}],"curies":[{"name":"wp","href":"https:\/\/api.w.org\/{rel}","templated":true}]}}