{"id":45235,"date":"2018-03-25T11:14:23","date_gmt":"2018-03-25T14:14:23","guid":{"rendered":"http:\/\/caririemacao.com\/1\/?p=45235"},"modified":"2018-03-25T11:14:23","modified_gmt":"2018-03-25T14:14:23","slug":"uma-semana-apos-lancamento-candidatura-de-lucelio-ganha-corpo-politico","status":"publish","type":"post","link":"https:\/\/www.caririemacao.com\/1\/2018\/03\/25\/uma-semana-apos-lancamento-candidatura-de-lucelio-ganha-corpo-politico\/","title":{"rendered":"Uma semana ap\u00f3s lan\u00e7amento, candidatura de Luc\u00e9lio ganha corpo pol\u00edtico"},"content":{"rendered":"<p>Uma semana depois do Blog do Anderson Soares divulgar, com exclusividade, a entrevista em que o presidente estadual do Partido da Mobiliza\u00e7\u00e3o Nacional (PMN), Zennedy Bezerra, manifestou apoio \u00e0 candidatura de Luc\u00e9lio Cartaxo ao Governo do Estado, diversas lideran\u00e7as paraibanas tamb\u00e9m optaram por defender a tese. Nomes como o deputado federal R\u00f4mulo Gouveia (PSD), o presidente estadual do PSDB, Ruy Carneiro, e o deputado estadual Manoel Ludg\u00e9rio (PSD), tamb\u00e9m validaram a possibilidade de pr\u00e9-candidatura do gestor.<\/p>\n<p>Ontem (23), foi a vez dos vereadores do PSD, Marmuthe Cavalcanti e Professor Gabriel, e tamb\u00e9m do pr\u00f3prio prefeito Luciano Cartaxo, que cumpria agenda no F\u00f3rum Iberoamericano de Prefeitos, endossarem a pr\u00e9-candidatura. Luciano disse que h\u00e1 um crescimento espont\u00e2neo em torno do nome de Luc\u00e9lio, que passa pelos partidos pol\u00edticos, mas principalmente pela popula\u00e7\u00e3o. \u201cIsso \u00e9 um processo de constru\u00e7\u00e3o, de di\u00e1logo. Eu tenho certeza que isso vai ser feito ouvindo todo mundo. Luc\u00e9lio est\u00e1 muito identificado com essa nova forma de fazer pol\u00edtica\u201d, Luciano Cartaxo.<\/p>\n<p>O presidente estadual do PMN, Zennedy Bezerra, j\u00e1 revelou que pretende formalizar o apoio dado pela sigla para a pr\u00e9-candidatura de Cartaxo, que tamb\u00e9m conta com declara\u00e7\u00f5es de nomes como o l\u00edder da bancada de situa\u00e7\u00e3o na C\u00e2mara de Vereadores de Jo\u00e3o Pessoa, Milanez Neto (PTB), e o secret\u00e1rio Ubiratan Pereira \u2013 Bira (PSD). Al\u00e9m deles, tamb\u00e9m declaram acompanhar a pr\u00e9-candidatura de Cartaxo prefeitos de diferentes cidades do interior do estado.<\/p>\n<p><strong>CARIRI EM A\u00c7\u00c3O<\/strong><\/p>\n<p><em>Com Blog do Anderson Soares \/Foto: Reprodu\u00e7\u00e3o Internet<\/em><\/p>\n<p><strong>Leia mais not\u00edcias em\u00a0<\/strong><a href=\"http:\/\/www.caririemacao.com\/\"><strong>caririemacao.com<\/strong><\/a><strong>, siga nossa p\u00e1gina no\u00a0<\/strong><a href=\"https:\/\/www.facebook.com\/CaririEmAcao\/?ref=aymt_homepage_panel\"><strong>Facebook<\/strong><\/a>,<strong>\u00a0<\/strong><a href=\"https:\/\/www.instagram.com\/cariri_em_acao\/?hl=pt-br\"><strong>Instagram<\/strong><\/a><strong>\u00a0e <\/strong><a href=\"https:\/\/www.youtube.com\/channel\/UCAptA0jQuYQy8vMhLt2m4qg\"><strong>Youtube<\/strong><\/a><strong>\u00a0e veja nossas mat\u00e9rias, v\u00eddeos e fotos. Voc\u00ea tamb\u00e9m pode enviar informa\u00e7\u00f5es \u00e0 Reda\u00e7\u00e3o do Portal Cariri em A\u00e7\u00e3o pelo WhatsApp (83) 9 9634.5791, (83) 9 9601-1162.<\/strong><\/p>\n","protected":false},"excerpt":{"rendered":"<p>Uma semana depois do Blog do Anderson Soares divulgar, com exclusividade, a entrevista em que o presidente estadual do Partido da Mobiliza\u00e7\u00e3o Nacional (PMN), Zennedy&hellip; <\/p>\n","protected":false},"author":2,"featured_media":45236,"comment_status":"closed","ping_status":"closed","sticky":false,"template":"","format":"standard","meta":{"sfsi_plus_gutenberg_text_before_share":"","sfsi_plus_gutenberg_show_text_before_share":"","sfsi_plus_gutenberg_icon_type":"","sfsi_plus_gutenberg_icon_alignemt":"","sfsi_plus_gutenburg_max_per_row":"","footnotes":""},"categories":[1],"tags":[],"class_list":["post-45235","post","type-post","status-publish","format-standard","has-post-thumbnail","hentry","category-o-site"],"_links":{"self":[{"href":"https:\/\/www.caririemacao.com\/1\/wp-json\/wp\/v2\/posts\/45235","targetHints":{"allow":["GET"]}}],"collection":[{"href":"https:\/\/www.caririemacao.com\/1\/wp-json\/wp\/v2\/posts"}],"about":[{"href":"https:\/\/www.caririemacao.com\/1\/wp-json\/wp\/v2\/types\/post"}],"author":[{"embeddable":true,"href":"https:\/\/www.caririemacao.com\/1\/wp-json\/wp\/v2\/users\/2"}],"replies":[{"embeddable":true,"href":"https:\/\/www.caririemacao.com\/1\/wp-json\/wp\/v2\/comments?post=45235"}],"version-history":[{"count":0,"href":"https:\/\/www.caririemacao.com\/1\/wp-json\/wp\/v2\/posts\/45235\/revisions"}],"wp:featuredmedia":[{"embeddable":true,"href":"https:\/\/www.caririemacao.com\/1\/wp-json\/wp\/v2\/media\/45236"}],"wp:attachment":[{"href":"https:\/\/www.caririemacao.com\/1\/wp-json\/wp\/v2\/media?parent=45235"}],"wp:term":[{"taxonomy":"category","embeddable":true,"href":"https:\/\/www.caririemacao.com\/1\/wp-json\/wp\/v2\/categories?post=45235"},{"taxonomy":"post_tag","embeddable":true,"href":"https:\/\/www.caririemacao.com\/1\/wp-json\/wp\/v2\/tags?post=45235"}],"curies":[{"name":"wp","href":"https:\/\/api.w.org\/{rel}","templated":true}]}}