{"id":45238,"date":"2018-03-25T11:25:21","date_gmt":"2018-03-25T14:25:21","guid":{"rendered":"http:\/\/caririemacao.com\/1\/?p=45238"},"modified":"2018-03-25T11:25:21","modified_gmt":"2018-03-25T14:25:21","slug":"suspeito-de-praticar-homicidios-na-paraiba-e-no-ceara-e-preso-em-queimadas","status":"publish","type":"post","link":"https:\/\/www.caririemacao.com\/1\/2018\/03\/25\/suspeito-de-praticar-homicidios-na-paraiba-e-no-ceara-e-preso-em-queimadas\/","title":{"rendered":"Suspeito de praticar homic\u00eddios na Para\u00edba e no Cear\u00e1 \u00e9 preso em Queimadas"},"content":{"rendered":"<div class=\"mc-column\">\n<div class=\"content-publication-data\">\n<p class=\"content-publication-data__updated\">Um homem de 30 anos, natural da Bahia, foi preso escondido no munic\u00edpio de Queimadas, no Agreste paraibano, suspeito de praticar dois homic\u00eddios, sendo um na cidade de S\u00e3o Bento, no Sert\u00e3o da Para\u00edba, e outro em Quixer\u00ea, no estado do Cear\u00e1. A pris\u00e3o foi realizada pela Pol\u00edcia Civil, por meio do N\u00facleo de Homic\u00eddios e Grupo T\u00e1tico Especial da 11\u00aa Delegacia Seccional em Queimadas, nesta sexta-feira (23).<\/p>\n<\/div>\n<\/div>\n<div class=\"mc-article-body\">\n<article>\n<div class=\"mc-column content-text active-extra-styles \" data-block-type=\"unstyled\" data-block-weight=\"47\" data-block-id=\"2\">\n<p class=\"content-text__container \" data-track-category=\"Link no Texto\" data-track-links=\"\">A Pol\u00edcia Civil de Queimadas recebeu informa\u00e7\u00f5es da delegacia de S\u00e3o Bento de que o suspeito estaria escondido no munic\u00edpio de Queimadas, trabalhando como serralheiro. De acordo com as investiga\u00e7\u00f5es policiais, ele teria fugido para esse munic\u00edpio ap\u00f3s matar a tiros o metal\u00fargico Francinaldo de Ara\u00fajo Santana.<\/p>\n<\/div>\n<div class=\"mc-column content-text active-extra-styles \" data-block-type=\"unstyled\" data-block-weight=\"47\" data-block-id=\"3\">\n<p class=\"content-text__container \" data-track-category=\"Link no Texto\" data-track-links=\"\">O crime aconteceu no dia 11 de maio de 2015 no bairro S\u00e3o Jos\u00e9, antiga Areia Fina, pr\u00f3ximo \u00e0 tecelagem S\u00e3o Crist\u00f3v\u00e3o, na cidade de S\u00e3o Bento, no Sert\u00e3o paraibano. Na \u00e9poca, foi expedido um mandado de pris\u00e3o preventiva contra o suspeito pelo crime de homic\u00eddio qualificado.<\/p>\n<\/div>\n<div class=\"mc-column content-text active-extra-styles \" data-block-type=\"unstyled\" data-block-weight=\"41\" data-block-id=\"4\">\n<p class=\"content-text__container \" data-track-category=\"Link no Texto\" data-track-links=\"\">Os agentes de investiga\u00e7\u00e3o tamb\u00e9m descobriram que o homem j\u00e1 era procurado pela Justi\u00e7a por outro homic\u00eddio ocorrido em 2011 no estado do Cear\u00e1 contra Paulo Jos\u00e9 de Sousa Lima. O mandado de pris\u00e3o preventiva foi expedido pela comarca de Quixer\u00ea.<\/p>\n<\/div>\n<div class=\"mc-column content-text active-extra-styles \" data-block-type=\"unstyled\" data-block-weight=\"34\" data-block-id=\"5\">\n<p class=\"content-text__container \" data-track-category=\"Link no Texto\" data-track-links=\"\">\u201cO nosso trabalho de investiga\u00e7\u00e3o revelou a periculosidade dele, que assassinou duas pessoas por motivos banais no lugar onde morava e depois fugia pra se esconder em outros munic\u00edpios\u201d, disse o delegado Cristiano Santana.<\/p>\n<\/div>\n<div class=\"mc-column content-text active-extra-styles\" data-block-type=\"raw\" data-block-weight=\"2\" data-block-id=\"6\">\n<div class=\"content-intertitle\">\n<p><strong>Outra pris\u00e3o<\/strong><\/p>\n<\/div>\n<\/div>\n<div data-track-category=\"fim do conteudo\" data-track-action=\"ultimo chunk conteudo\" data-track-noninteraction=\"false\" data-track-scroll=\"entrada completa viewport\">\n<div class=\"mc-column content-text active-extra-styles \" data-block-type=\"unstyled\" data-block-weight=\"78\" data-block-id=\"7\">\n<p class=\"content-text__container \" data-track-category=\"Link no Texto\" data-track-links=\"\">A outra pessoa suspeita de envolvimento no homic\u00eddio praticado contra o metal\u00fargico seria uma mulher de 23 anos. Ela foi presa na quarta-feira (21) durante uma a\u00e7\u00e3o realizada na cidade de S\u00e3o Bento. A suspeiota estava sendo monitorada pelos policiais porque foi denunciada por pessoas que testemunharam o crime e foi a partir da confirma\u00e7\u00e3o de que ela estava com o homem preso nesta sexta-feira que a pol\u00edcia intensificou as buscas na regi\u00e3o e conseguiu prender o baiano.<\/p>\n<p><strong>CARIRI EM A\u00c7\u00c3O<\/strong><\/p>\n<p><em>Com G1 \/Foto: Reprodu\u00e7\u00e3o Internet<\/em><\/p>\n<p><strong>Leia mais not\u00edcias em\u00a0<\/strong><a href=\"http:\/\/www.caririemacao.com\/\"><strong>caririemacao.com<\/strong><\/a><strong>, siga nossa p\u00e1gina no\u00a0<\/strong><a href=\"https:\/\/www.facebook.com\/CaririEmAcao\/?ref=aymt_homepage_panel\"><strong>Facebook<\/strong><\/a>,<strong>\u00a0<\/strong><a href=\"https:\/\/www.instagram.com\/cariri_em_acao\/?hl=pt-br\"><strong>Instagram<\/strong><\/a><strong>\u00a0e <\/strong><a href=\"https:\/\/www.youtube.com\/channel\/UCAptA0jQuYQy8vMhLt2m4qg\"><strong>Youtube<\/strong><\/a><strong>\u00a0e veja nossas mat\u00e9rias, v\u00eddeos e fotos. Voc\u00ea tamb\u00e9m pode enviar informa\u00e7\u00f5es \u00e0 Reda\u00e7\u00e3o do Portal Cariri em A\u00e7\u00e3o pelo WhatsApp (83) 9 9634.5791, (83) 9 9601-1162.<\/strong><\/p>\n<\/div>\n<\/div>\n<\/article>\n<\/div>\n","protected":false},"excerpt":{"rendered":"<p>Um homem de 30 anos, natural da Bahia, foi preso escondido no munic\u00edpio de Queimadas, no Agreste paraibano, suspeito de praticar dois homic\u00eddios, sendo um&hellip; <\/p>\n","protected":false},"author":2,"featured_media":20744,"comment_status":"closed","ping_status":"closed","sticky":false,"template":"","format":"standard","meta":{"sfsi_plus_gutenberg_text_before_share":"","sfsi_plus_gutenberg_show_text_before_share":"","sfsi_plus_gutenberg_icon_type":"","sfsi_plus_gutenberg_icon_alignemt":"","sfsi_plus_gutenburg_max_per_row":"","footnotes":""},"categories":[12],"tags":[],"class_list":["post-45238","post","type-post","status-publish","format-standard","has-post-thumbnail","hentry","category-policia"],"_links":{"self":[{"href":"https:\/\/www.caririemacao.com\/1\/wp-json\/wp\/v2\/posts\/45238","targetHints":{"allow":["GET"]}}],"collection":[{"href":"https:\/\/www.caririemacao.com\/1\/wp-json\/wp\/v2\/posts"}],"about":[{"href":"https:\/\/www.caririemacao.com\/1\/wp-json\/wp\/v2\/types\/post"}],"author":[{"embeddable":true,"href":"https:\/\/www.caririemacao.com\/1\/wp-json\/wp\/v2\/users\/2"}],"replies":[{"embeddable":true,"href":"https:\/\/www.caririemacao.com\/1\/wp-json\/wp\/v2\/comments?post=45238"}],"version-history":[{"count":0,"href":"https:\/\/www.caririemacao.com\/1\/wp-json\/wp\/v2\/posts\/45238\/revisions"}],"wp:featuredmedia":[{"embeddable":true,"href":"https:\/\/www.caririemacao.com\/1\/wp-json\/wp\/v2\/media\/20744"}],"wp:attachment":[{"href":"https:\/\/www.caririemacao.com\/1\/wp-json\/wp\/v2\/media?parent=45238"}],"wp:term":[{"taxonomy":"category","embeddable":true,"href":"https:\/\/www.caririemacao.com\/1\/wp-json\/wp\/v2\/categories?post=45238"},{"taxonomy":"post_tag","embeddable":true,"href":"https:\/\/www.caririemacao.com\/1\/wp-json\/wp\/v2\/tags?post=45238"}],"curies":[{"name":"wp","href":"https:\/\/api.w.org\/{rel}","templated":true}]}}