{"id":45250,"date":"2018-03-25T20:22:14","date_gmt":"2018-03-25T23:22:14","guid":{"rendered":"http:\/\/caririemacao.com\/1\/?p=45250"},"modified":"2018-03-25T20:36:39","modified_gmt":"2018-03-25T23:36:39","slug":"video-ambulancia-capota-e-adolescente-gravida-morre-em-avenida-de-joao-pessoa","status":"publish","type":"post","link":"https:\/\/www.caririemacao.com\/1\/2018\/03\/25\/video-ambulancia-capota-e-adolescente-gravida-morre-em-avenida-de-joao-pessoa\/","title":{"rendered":"V\u00cdDEO: ambul\u00e2ncia capota e adolescente gr\u00e1vida morre em avenida de Jo\u00e3o Pessoa \u00a0"},"content":{"rendered":"<p>Uma ambul\u00e2ncia com cinco ocupantes capotou na Avenida Jo\u00e3o Machado em Jo\u00e3o Pessoa no final da manh\u00e3 deste domingo (25). O acidente aconteceu no bairro de Jaguaribe logo ap\u00f3s o ve\u00edculo colidir contra uma caminhonete. Uma adolescente gr\u00e1vida que vinha na ambul\u00e2ncia n\u00e3o resistiu aos ferimentos\u00a0e morreu.<\/p>\n<p>A ambul\u00eancia seguia do munic\u00edpio de Bayeux para Jo\u00e3o Pessoa socorrendo a adolescente que estava gr\u00e1vida de seis meses. A v\u00edtima fatal estava sofrendo com sangramentos e por isso estava sendo transferida para um hospital na Capital. Ao cruzar a Avenida Jo\u00e3o Machado com a Avenida Ant\u00f4nio Soares,\u00a0a ambul\u00e2ncia foi atingida por uma caminhoneta que passava no sentido contr\u00e1rio, e acabou capotando. Assim como a adolescente,\u00a0o beb\u00ea tamb\u00e9m n\u00e3o resistiu.<\/p>\n<p>Ao todo cinco pessoas estavam no ve\u00edculo.\u00a0O motorista da ambul\u00e2ncia, um enfermeiro, a m\u00e3e da adolescente e uma quarta pessoa. Todos foram socorridos para o Hospital de Emerg\u00eancia e Trauma de Jo\u00e3o Pessoa. De acordo com a pol\u00edcia, eles n\u00e3o sofreram ferimentos graves.<\/p>\n<p>O motorista da caminhoneta ficou no local e ajudou a socorrer \u00e0s v\u00edtimas e prestar esclarecimentos \u00e0 pol\u00edcia.<\/p>\n<p><a href=\"https:\/\/youtu.be\/laeA0q8x3r0\">VEJA V\u00cdDEO ABAIXO:<\/a><\/p>\n<p><div class=\"ose-youtube ose-uid-7d58a7c948979d904c852967f9f2a1ad ose-embedpress-responsive\" style=\"width:600px; height:550px; max-height:550px; max-width:100%; display:inline-block;\" data-embed-type=\"Youtube\"><iframe allowFullScreen=\"true\" title=\"Ambul\u00e2ncia capota e adolescente gr\u00e1vida morre em avenida de Jo\u00e3o Pessoa\" width=\"600\" height=\"550\" data-src=\"https:\/\/www.youtube.com\/embed\/laeA0q8x3r0?start=&feature=oembed&color=red&rel=0&controls=1&end=&fs=0&iv_load_policy=0&autoplay=0&mute=0&modestbranding=0&cc_load_policy=1&playsinline=1\" frameborder=\"0\" allow=\"accelerometer; encrypted-media;accelerometer;autoplay;clipboard-write;gyroscope;picture-in-picture clipboard-write; encrypted-media; gyroscope; picture-in-picture; web-share\" referrerpolicy=\"strict-origin-when-cross-origin\" allowfullscreen src=\"data:image\/svg+xml;base64,PHN2ZyB3aWR0aD0iMSIgaGVpZ2h0PSIxIiB4bWxucz0iaHR0cDovL3d3dy53My5vcmcvMjAwMC9zdmciPjwvc3ZnPg==\" class=\"lazyload\" data-load-mode=\"1\"><\/iframe><\/div><\/p>\n<p><strong>CARIRI EM A\u00c7\u00c3O<\/strong><\/p>\n<p><strong>Leia mais not\u00edcias em\u00a0<\/strong><a style=\"font-style: inherit; font-weight: inherit;\" href=\"http:\/\/www.caririemacao.com\/\"><strong style=\"font-style: inherit;\">caririemacao.com<\/strong><\/a><strong style=\"font-style: inherit;\">, siga nossa p\u00e1gina no\u00a0<\/strong><a style=\"font-style: inherit; font-weight: inherit;\" href=\"https:\/\/www.facebook.com\/CaririEmAcao\/?ref=aymt_homepage_panel\"><strong style=\"font-style: inherit;\">Facebook<\/strong><\/a>,<strong style=\"font-style: inherit;\">\u00a0<\/strong><a style=\"font-style: inherit; font-weight: inherit;\" href=\"https:\/\/www.instagram.com\/cariri_em_acao\/?hl=pt-br\"><strong style=\"font-style: inherit;\">Instagram<\/strong><\/a><strong style=\"font-style: inherit;\">\u00a0e\u00a0<\/strong><a style=\"font-style: inherit; font-weight: inherit;\" href=\"https:\/\/www.youtube.com\/channel\/UCAptA0jQuYQy8vMhLt2m4qg\"><strong style=\"font-style: inherit;\">Youtube<\/strong><\/a><strong style=\"font-style: inherit;\">\u00a0e veja nossas mat\u00e9rias, v\u00eddeos e fotos. Voc\u00ea tamb\u00e9m pode enviar informa\u00e7\u00f5es \u00e0 Reda\u00e7\u00e3o do Portal Cariri em A\u00e7\u00e3o pelo WhatsApp (83) 9 9634.5791, (83) 9 9601-1162.<\/strong><\/p>\n","protected":false},"excerpt":{"rendered":"<p>Uma ambul\u00e2ncia com cinco ocupantes capotou na Avenida Jo\u00e3o Machado em Jo\u00e3o Pessoa no final da manh\u00e3 deste domingo (25). O acidente aconteceu no bairro&hellip; <\/p>\n","protected":false},"author":2,"featured_media":45251,"comment_status":"closed","ping_status":"closed","sticky":false,"template":"","format":"standard","meta":{"sfsi_plus_gutenberg_text_before_share":"","sfsi_plus_gutenberg_show_text_before_share":"","sfsi_plus_gutenberg_icon_type":"","sfsi_plus_gutenberg_icon_alignemt":"","sfsi_plus_gutenburg_max_per_row":"","footnotes":""},"categories":[12],"tags":[],"class_list":["post-45250","post","type-post","status-publish","format-standard","has-post-thumbnail","hentry","category-policia"],"_links":{"self":[{"href":"https:\/\/www.caririemacao.com\/1\/wp-json\/wp\/v2\/posts\/45250","targetHints":{"allow":["GET"]}}],"collection":[{"href":"https:\/\/www.caririemacao.com\/1\/wp-json\/wp\/v2\/posts"}],"about":[{"href":"https:\/\/www.caririemacao.com\/1\/wp-json\/wp\/v2\/types\/post"}],"author":[{"embeddable":true,"href":"https:\/\/www.caririemacao.com\/1\/wp-json\/wp\/v2\/users\/2"}],"replies":[{"embeddable":true,"href":"https:\/\/www.caririemacao.com\/1\/wp-json\/wp\/v2\/comments?post=45250"}],"version-history":[{"count":0,"href":"https:\/\/www.caririemacao.com\/1\/wp-json\/wp\/v2\/posts\/45250\/revisions"}],"wp:featuredmedia":[{"embeddable":true,"href":"https:\/\/www.caririemacao.com\/1\/wp-json\/wp\/v2\/media\/45251"}],"wp:attachment":[{"href":"https:\/\/www.caririemacao.com\/1\/wp-json\/wp\/v2\/media?parent=45250"}],"wp:term":[{"taxonomy":"category","embeddable":true,"href":"https:\/\/www.caririemacao.com\/1\/wp-json\/wp\/v2\/categories?post=45250"},{"taxonomy":"post_tag","embeddable":true,"href":"https:\/\/www.caririemacao.com\/1\/wp-json\/wp\/v2\/tags?post=45250"}],"curies":[{"name":"wp","href":"https:\/\/api.w.org\/{rel}","templated":true}]}}