{"id":45254,"date":"2018-03-26T11:13:58","date_gmt":"2018-03-26T14:13:58","guid":{"rendered":"http:\/\/caririemacao.com\/1\/?p=45254"},"modified":"2018-03-26T11:14:31","modified_gmt":"2018-03-26T14:14:31","slug":"alunos-da-escola-juarez-maracaja-sao-selecionados-no-programa-giro-mundo","status":"publish","type":"post","link":"https:\/\/www.caririemacao.com\/1\/2018\/03\/26\/alunos-da-escola-juarez-maracaja-sao-selecionados-no-programa-giro-mundo\/","title":{"rendered":"Alunos da Escola Juarez Maracaj\u00e1 s\u00e3o selecionados no Programa Giro Mundo"},"content":{"rendered":"<p>A Escola Estadual Juarez Maracaj\u00e1 na cidade de Gurj\u00e3o est\u00e1 em festa pelo resultado divulgado do Programa Giro Mundo, promovido pelo Governo do Estado da Para\u00edba.<\/p>\n<p>Na rela\u00e7\u00e3o dos selecionados, a escola foi contemplada com 100% dos alunos inscritos. Os alunos escolhidos na primeira fase do Programa Gira Mundo 2018 do Governo do Estado para o interc\u00e2mbio em Portugal, Canad\u00e1 e Argentina s\u00e3o: Diogo Jacinto dos Santos Pereira, \u00c9rick Ryan Pereira de Farias, Jos\u00e9 Roberto Farias Oliveira J\u00fanior e Rayane Cavalcante Bezerra.<\/p>\n<p><a href=\"http:\/\/caririemacao.com\/1\/?attachment_id=45257\" rel=\"attachment wp-att-45257\"><img fetchpriority=\"high\" decoding=\"async\" class=\"aligncenter size-full wp-image-45257\" src=\"http:\/\/caririemacao.com\/1\/wp-content\/uploads\/2018\/03\/29542568_1209286385874049_1580583372115231630_n.jpg\" alt=\"\" width=\"800\" height=\"533\" srcset=\"https:\/\/www.caririemacao.com\/1\/wp-content\/uploads\/2018\/03\/29542568_1209286385874049_1580583372115231630_n.jpg 800w, https:\/\/www.caririemacao.com\/1\/wp-content\/uploads\/2018\/03\/29542568_1209286385874049_1580583372115231630_n-300x200.jpg 300w, https:\/\/www.caririemacao.com\/1\/wp-content\/uploads\/2018\/03\/29542568_1209286385874049_1580583372115231630_n-768x512.jpg 768w\" sizes=\"(max-width: 800px) 100vw, 800px\" \/><\/a><\/p>\n<p>De acordo com a diretora do educand\u00e1rio, Ana Lu\u00edza, o resultado mostra o trabalho s\u00e9rio e \u00e9tico que a escola vem desenvolvendo este ano. \u201cQuero parabenizar todos os alunos e professores pela dedica\u00e7\u00e3o e empenho. Nossa escola est\u00e1 de parab\u00e9ns porque conseguiu 100% de aprova\u00e7\u00e3o dos alunos, isso significa muito esfor\u00e7o de todos\u201d, ressaltou a diretora.<\/p>\n<p><a href=\"http:\/\/caririemacao.com\/1\/?attachment_id=45255\" rel=\"attachment wp-att-45255\"><img decoding=\"async\" class=\"aligncenter size-full wp-image-45255 lazyload\" data-src=\"http:\/\/caririemacao.com\/1\/wp-content\/uploads\/2018\/03\/29542846_1209284952540859_7233120932891367611_n.jpg\" alt=\"\" width=\"800\" height=\"533\" data-srcset=\"https:\/\/www.caririemacao.com\/1\/wp-content\/uploads\/2018\/03\/29542846_1209284952540859_7233120932891367611_n.jpg 800w, https:\/\/www.caririemacao.com\/1\/wp-content\/uploads\/2018\/03\/29542846_1209284952540859_7233120932891367611_n-300x200.jpg 300w, https:\/\/www.caririemacao.com\/1\/wp-content\/uploads\/2018\/03\/29542846_1209284952540859_7233120932891367611_n-768x512.jpg 768w\" data-sizes=\"(max-width: 800px) 100vw, 800px\" src=\"data:image\/svg+xml;base64,PHN2ZyB3aWR0aD0iMSIgaGVpZ2h0PSIxIiB4bWxucz0iaHR0cDovL3d3dy53My5vcmcvMjAwMC9zdmciPjwvc3ZnPg==\" style=\"--smush-placeholder-width: 800px; --smush-placeholder-aspect-ratio: 800\/533;\" \/><\/a><\/p>\n<p>Vale destacar que durante a sess\u00e3o da C\u00e2mara de Vereadores de Gurj\u00e3o realizada na noite desta sexta-feira, dia 23, a dire\u00e7\u00e3o da escola, professores e os alunos foram homenageados, atrav\u00e9s de um voto de aplauso apresentado pelo presidente da C\u00e2mara Municipal, Adailsinho Queiroz.<\/p>\n<p><strong>CARIRI EM A\u00c7\u00c3O<\/strong><\/p>\n<p><strong>Leia mais not\u00edcias em\u00a0<\/strong><a style=\"font-style: inherit; font-weight: inherit;\" href=\"http:\/\/www.caririemacao.com\/\"><strong style=\"font-style: inherit;\">caririemacao.com<\/strong><\/a><strong style=\"font-style: inherit;\">, siga nossa p\u00e1gina no\u00a0<\/strong><a style=\"font-style: inherit; font-weight: inherit;\" href=\"https:\/\/www.facebook.com\/CaririEmAcao\/?ref=aymt_homepage_panel\"><strong style=\"font-style: inherit;\">Facebook<\/strong><\/a>,<strong style=\"font-style: inherit;\">\u00a0<\/strong><a style=\"font-style: inherit; font-weight: inherit;\" href=\"https:\/\/www.instagram.com\/cariri_em_acao\/?hl=pt-br\"><strong style=\"font-style: inherit;\">Instagram<\/strong><\/a><strong style=\"font-style: inherit;\">\u00a0e\u00a0<\/strong><a style=\"font-style: inherit; font-weight: inherit;\" href=\"https:\/\/www.youtube.com\/channel\/UCAptA0jQuYQy8vMhLt2m4qg\"><strong style=\"font-style: inherit;\">Youtube<\/strong><\/a><strong style=\"font-style: inherit;\">\u00a0e veja nossas mat\u00e9rias, v\u00eddeos e fotos. Voc\u00ea tamb\u00e9m pode enviar informa\u00e7\u00f5es \u00e0 Reda\u00e7\u00e3o do Portal Cariri em A\u00e7\u00e3o pelo WhatsApp (83) 9 9634.5791, (83) 9 9601-1162.<\/strong><\/p>\n","protected":false},"excerpt":{"rendered":"<p>A Escola Estadual Juarez Maracaj\u00e1 na cidade de Gurj\u00e3o est\u00e1 em festa pelo resultado divulgado do Programa Giro Mundo, promovido pelo Governo do Estado da&hellip; <\/p>\n","protected":false},"author":2,"featured_media":45256,"comment_status":"closed","ping_status":"closed","sticky":false,"template":"","format":"standard","meta":{"sfsi_plus_gutenberg_text_before_share":"","sfsi_plus_gutenberg_show_text_before_share":"","sfsi_plus_gutenberg_icon_type":"","sfsi_plus_gutenberg_icon_alignemt":"","sfsi_plus_gutenburg_max_per_row":"","footnotes":""},"categories":[14],"tags":[],"class_list":["post-45254","post","type-post","status-publish","format-standard","has-post-thumbnail","hentry","category-educacao"],"_links":{"self":[{"href":"https:\/\/www.caririemacao.com\/1\/wp-json\/wp\/v2\/posts\/45254","targetHints":{"allow":["GET"]}}],"collection":[{"href":"https:\/\/www.caririemacao.com\/1\/wp-json\/wp\/v2\/posts"}],"about":[{"href":"https:\/\/www.caririemacao.com\/1\/wp-json\/wp\/v2\/types\/post"}],"author":[{"embeddable":true,"href":"https:\/\/www.caririemacao.com\/1\/wp-json\/wp\/v2\/users\/2"}],"replies":[{"embeddable":true,"href":"https:\/\/www.caririemacao.com\/1\/wp-json\/wp\/v2\/comments?post=45254"}],"version-history":[{"count":0,"href":"https:\/\/www.caririemacao.com\/1\/wp-json\/wp\/v2\/posts\/45254\/revisions"}],"wp:featuredmedia":[{"embeddable":true,"href":"https:\/\/www.caririemacao.com\/1\/wp-json\/wp\/v2\/media\/45256"}],"wp:attachment":[{"href":"https:\/\/www.caririemacao.com\/1\/wp-json\/wp\/v2\/media?parent=45254"}],"wp:term":[{"taxonomy":"category","embeddable":true,"href":"https:\/\/www.caririemacao.com\/1\/wp-json\/wp\/v2\/categories?post=45254"},{"taxonomy":"post_tag","embeddable":true,"href":"https:\/\/www.caririemacao.com\/1\/wp-json\/wp\/v2\/tags?post=45254"}],"curies":[{"name":"wp","href":"https:\/\/api.w.org\/{rel}","templated":true}]}}