{"id":45282,"date":"2018-03-25T21:27:27","date_gmt":"2018-03-26T00:27:27","guid":{"rendered":"http:\/\/caririemacao.com\/1\/?p=45282"},"modified":"2018-03-25T21:28:24","modified_gmt":"2018-03-26T00:28:24","slug":"prefeitura-da-prata-realiza-acoes-em-prol-dos-agricultores","status":"publish","type":"post","link":"https:\/\/www.caririemacao.com\/1\/2018\/03\/25\/prefeitura-da-prata-realiza-acoes-em-prol-dos-agricultores\/","title":{"rendered":"Prefeitura da Prata realiza a\u00e7\u00f5es em prol dos agricultores"},"content":{"rendered":"<p>A prefeitura da Prata continua realizando a\u00e7\u00f5es em prol dos agricultores e para isso n\u00e3o observa sequer Domingo e nem feriado de descanso.<\/p>\n<p>Neste Domingo, a secretaria de agricultura realizou servi\u00e7os de ara\u00e7\u00e3o de terras na agrovila Macacos, no assentamento Z\u00e9 Marcolino<\/p>\n<p>De acordo com o secret\u00e1rio Genivaldo Temb\u00f3rio j\u00e1 foram feitas mais de 450 horas de trator durante toda programa\u00e7\u00e3o nas comunidades do munic\u00edpio<\/p>\n<p>\u201cH\u00e1 uma parceria com uma contrapartida do produtor, uma pequena ajuda do combust\u00edvel, o que deixa o benef\u00edcio infinitamente mais em conta para eles\u201d, explicou o secret\u00e1rio<\/p>\n<p>\u201cO objetivo \u00e9 ajudar o agricultor. Esta \u00e9 a determina\u00e7\u00e3o do prefeito Junior e nossa equipe n\u00e3o descansa pra alcan\u00e7ar este objetivo em prol de nossa popula\u00e7\u00e3o\u201d, encerrou<\/p>\n<p><strong>CARIRI EM A\u00c7\u00c3O<\/strong><\/p>\n<p>Com Tribuna do Cariri<em style=\"font-weight: inherit;\">\u00a0<\/em><\/p>\n<p><strong>Leia mais not\u00edcias em\u00a0<\/strong><a style=\"font-style: inherit; font-weight: inherit;\" href=\"http:\/\/www.caririemacao.com\/\"><strong style=\"font-style: inherit;\">caririemacao.com<\/strong><\/a><strong style=\"font-style: inherit;\">, siga nossa p\u00e1gina no\u00a0<\/strong><a style=\"font-style: inherit; font-weight: inherit;\" href=\"https:\/\/www.facebook.com\/CaririEmAcao\/?ref=aymt_homepage_panel\"><strong style=\"font-style: inherit;\">Facebook<\/strong><\/a>,<strong style=\"font-style: inherit;\">\u00a0<\/strong><a style=\"font-style: inherit; font-weight: inherit;\" href=\"https:\/\/www.instagram.com\/cariri_em_acao\/?hl=pt-br\"><strong style=\"font-style: inherit;\">Instagram<\/strong><\/a><strong style=\"font-style: inherit;\">\u00a0e\u00a0<\/strong><a style=\"font-style: inherit; font-weight: inherit;\" href=\"https:\/\/www.youtube.com\/channel\/UCAptA0jQuYQy8vMhLt2m4qg\"><strong style=\"font-style: inherit;\">Youtube<\/strong><\/a><strong style=\"font-style: inherit;\">\u00a0e veja nossas mat\u00e9rias, v\u00eddeos e fotos. Voc\u00ea tamb\u00e9m pode enviar informa\u00e7\u00f5es \u00e0 Reda\u00e7\u00e3o do Portal Cariri em A\u00e7\u00e3o pelo WhatsApp (83) 9 9634.5791, (83) 9 9601-1162.<\/strong><\/p>\n<p>&nbsp;<\/p>\n","protected":false},"excerpt":{"rendered":"<p>A prefeitura da Prata continua realizando a\u00e7\u00f5es em prol dos agricultores e para isso n\u00e3o observa sequer Domingo e nem feriado de descanso. Neste Domingo,&hellip; <\/p>\n","protected":false},"author":2,"featured_media":45283,"comment_status":"closed","ping_status":"closed","sticky":false,"template":"","format":"standard","meta":{"sfsi_plus_gutenberg_text_before_share":"","sfsi_plus_gutenberg_show_text_before_share":"","sfsi_plus_gutenberg_icon_type":"","sfsi_plus_gutenberg_icon_alignemt":"","sfsi_plus_gutenburg_max_per_row":"","footnotes":""},"categories":[6],"tags":[],"class_list":["post-45282","post","type-post","status-publish","format-standard","has-post-thumbnail","hentry","category-cidades"],"_links":{"self":[{"href":"https:\/\/www.caririemacao.com\/1\/wp-json\/wp\/v2\/posts\/45282","targetHints":{"allow":["GET"]}}],"collection":[{"href":"https:\/\/www.caririemacao.com\/1\/wp-json\/wp\/v2\/posts"}],"about":[{"href":"https:\/\/www.caririemacao.com\/1\/wp-json\/wp\/v2\/types\/post"}],"author":[{"embeddable":true,"href":"https:\/\/www.caririemacao.com\/1\/wp-json\/wp\/v2\/users\/2"}],"replies":[{"embeddable":true,"href":"https:\/\/www.caririemacao.com\/1\/wp-json\/wp\/v2\/comments?post=45282"}],"version-history":[{"count":0,"href":"https:\/\/www.caririemacao.com\/1\/wp-json\/wp\/v2\/posts\/45282\/revisions"}],"wp:featuredmedia":[{"embeddable":true,"href":"https:\/\/www.caririemacao.com\/1\/wp-json\/wp\/v2\/media\/45283"}],"wp:attachment":[{"href":"https:\/\/www.caririemacao.com\/1\/wp-json\/wp\/v2\/media?parent=45282"}],"wp:term":[{"taxonomy":"category","embeddable":true,"href":"https:\/\/www.caririemacao.com\/1\/wp-json\/wp\/v2\/categories?post=45282"},{"taxonomy":"post_tag","embeddable":true,"href":"https:\/\/www.caririemacao.com\/1\/wp-json\/wp\/v2\/tags?post=45282"}],"curies":[{"name":"wp","href":"https:\/\/api.w.org\/{rel}","templated":true}]}}