{"id":45293,"date":"2018-03-26T10:25:37","date_gmt":"2018-03-26T13:25:37","guid":{"rendered":"http:\/\/caririemacao.com\/1\/?p=45293"},"modified":"2018-03-26T10:25:37","modified_gmt":"2018-03-26T13:25:37","slug":"caravana-de-lula-e-atacada-com-pedras-e-ovos-em-santa-catarina","status":"publish","type":"post","link":"https:\/\/www.caririemacao.com\/1\/2018\/03\/26\/caravana-de-lula-e-atacada-com-pedras-e-ovos-em-santa-catarina\/","title":{"rendered":"Caravana de Lula \u00e9 atacada com pedras e ovos em Santa Catarina"},"content":{"rendered":"<p>A caravana do ex-presidente Luiz In\u00e1cio Lula da Silva foi atacada com pedras e ovos por manifestantes contr\u00e1rios ao petista durante a passagem por S\u00e3o Miguel do Oeste (SC), na tarde deste domingo, 25. Lula participou de manh\u00e3 de um ato com agricultores familiares em Nova Erechim (SC). Durante o evento, a presidente nacional do PT, Gleisi Hoffmann, alertou para a presen\u00e7a de manifestantes contr\u00e1rios ao ex-presidente em S\u00e3o Miguel do Oeste.<\/p>\n<p>As pedradas chegaram a trincar os vidros de dois dos tr\u00eas \u00f4nibus que integram a caravana, entre eles o ve\u00edculo em que Lula viajava. Cerca de trinta manifestantes fecharam o trevo de acesso \u00e0 cidade. Quando a caravana parou, os limpadores de para-brisas dos \u00f4nibus foram arrancados, diversos ovos atirados contra os vidros dos ve\u00edculos e, depois, as pedras. Um dos ovos atingiu o carro da reportagem do jornal O Estado de S. Paulo.<\/p>\n<p>&#8220;O que aconteceu foi um atentado criminoso. Poderia ter acontecido uma trag\u00e9dia. O motorista ficou sem visibilidade&#8221;, disse o deputado Paulo Pimenta (PT-RS), l\u00edder do PT na C\u00e2mara. Alguns metros adiante, policiais militares acompanharam mas n\u00e3o interferiram na manifesta\u00e7\u00e3o.<\/p>\n<p>Os protestos violentos e tentativas de bloquear a passagem da comitiva do petista tem marcado a caravana de Lula pela regi\u00e3o Sul, iniciada segunda-feira, em Santana do Livramento (RS). O ex-presidente foi obrigado a alterar o itiner\u00e1rio da viagem, fazer viagens de avi\u00e3o (a previs\u00e3o inicial era de usar apenas \u00f4nibus) e impedido de entrar em Passo Fundo (RS).<\/p>\n<p>No s\u00e1bado \u00e0 noite, em Chapec\u00f3 (SC), houve confronto entre manifestantes anti-Lula e militantes petistas que participavam de um ato na pra\u00e7a central da cidade. Integrantes da caravana acusam a participa\u00e7\u00e3o de grupos de extrema-direita apoiadores do deputado Jair Bolsonaro.<\/p>\n<p>Em Florian\u00f3polis, Lula ressaltou que os participantes das atividades da caravana s\u00e3o &#8220;gente da paz&#8221; mas disse que eles devem &#8220;retribuir&#8221; as agress\u00f5es sofridas. Em Chapec\u00f3, Lula falou em &#8220;dar porrada&#8221;.<\/p>\n<p>&#8220;N\u00f3s n\u00e3o podemos permitir que pessoas sejam espancadas enquanto esperamos que a pol\u00edcia cumpra seu papel. Se a pol\u00edcia n\u00e3o pode garantir a seguran\u00e7a da caravana, que nos diga&#8221;, afirmou Pimenta. Segundo ele, uma ideia \u00e9 agregar outros dois \u00f4nibus com militantes \u00e0 caravana para contrapor \u00e0s manifesta\u00e7\u00f5es contr\u00e1rias.<\/p>\n<p><strong>CARIRI EM A\u00c7\u00c3O<\/strong><\/p>\n<p><em>Com Di\u00e1rio de Pernambuco\/Foto: Reprodu\u00e7\u00e3o Internet<\/em><\/p>\n<p><strong>Leia mais not\u00edcias em\u00a0<\/strong><a href=\"http:\/\/www.caririemacao.com\/\"><strong>caririemacao.com<\/strong><\/a><strong>, siga nossa p\u00e1gina no\u00a0<\/strong><a href=\"https:\/\/www.facebook.com\/CaririEmAcao\/?ref=aymt_homepage_panel\"><strong>Facebook<\/strong><\/a>,<strong>\u00a0<\/strong><a href=\"https:\/\/www.instagram.com\/cariri_em_acao\/?hl=pt-br\"><strong>Instagram<\/strong><\/a><strong>\u00a0e <\/strong><a href=\"https:\/\/www.youtube.com\/channel\/UCAptA0jQuYQy8vMhLt2m4qg\"><strong>Youtube<\/strong><\/a><strong>\u00a0e veja nossas mat\u00e9rias, v\u00eddeos e fotos. Voc\u00ea tamb\u00e9m pode enviar informa\u00e7\u00f5es \u00e0 Reda\u00e7\u00e3o do Portal Cariri em A\u00e7\u00e3o pelo WhatsApp (83) 9 9634.5791, (83) 9 9601-1162.<\/strong><\/p>\n","protected":false},"excerpt":{"rendered":"<p>A caravana do ex-presidente Luiz In\u00e1cio Lula da Silva foi atacada com pedras e ovos por manifestantes contr\u00e1rios ao petista durante a passagem por S\u00e3o&hellip; <\/p>\n","protected":false},"author":2,"featured_media":45294,"comment_status":"closed","ping_status":"closed","sticky":false,"template":"","format":"standard","meta":{"sfsi_plus_gutenberg_text_before_share":"","sfsi_plus_gutenberg_show_text_before_share":"","sfsi_plus_gutenberg_icon_type":"","sfsi_plus_gutenberg_icon_alignemt":"","sfsi_plus_gutenburg_max_per_row":"","footnotes":""},"categories":[2],"tags":[],"class_list":["post-45293","post","type-post","status-publish","format-standard","has-post-thumbnail","hentry","category-geral"],"_links":{"self":[{"href":"https:\/\/www.caririemacao.com\/1\/wp-json\/wp\/v2\/posts\/45293","targetHints":{"allow":["GET"]}}],"collection":[{"href":"https:\/\/www.caririemacao.com\/1\/wp-json\/wp\/v2\/posts"}],"about":[{"href":"https:\/\/www.caririemacao.com\/1\/wp-json\/wp\/v2\/types\/post"}],"author":[{"embeddable":true,"href":"https:\/\/www.caririemacao.com\/1\/wp-json\/wp\/v2\/users\/2"}],"replies":[{"embeddable":true,"href":"https:\/\/www.caririemacao.com\/1\/wp-json\/wp\/v2\/comments?post=45293"}],"version-history":[{"count":0,"href":"https:\/\/www.caririemacao.com\/1\/wp-json\/wp\/v2\/posts\/45293\/revisions"}],"wp:featuredmedia":[{"embeddable":true,"href":"https:\/\/www.caririemacao.com\/1\/wp-json\/wp\/v2\/media\/45294"}],"wp:attachment":[{"href":"https:\/\/www.caririemacao.com\/1\/wp-json\/wp\/v2\/media?parent=45293"}],"wp:term":[{"taxonomy":"category","embeddable":true,"href":"https:\/\/www.caririemacao.com\/1\/wp-json\/wp\/v2\/categories?post=45293"},{"taxonomy":"post_tag","embeddable":true,"href":"https:\/\/www.caririemacao.com\/1\/wp-json\/wp\/v2\/tags?post=45293"}],"curies":[{"name":"wp","href":"https:\/\/api.w.org\/{rel}","templated":true}]}}