{"id":45298,"date":"2018-03-26T10:42:16","date_gmt":"2018-03-26T13:42:16","guid":{"rendered":"http:\/\/caririemacao.com\/1\/?p=45298"},"modified":"2018-03-26T10:42:16","modified_gmt":"2018-03-26T13:42:16","slug":"nota-atividades-sobre-a-paz-marcaram-forum-infantil-da-lbv-em-jp","status":"publish","type":"post","link":"https:\/\/www.caririemacao.com\/1\/2018\/03\/26\/nota-atividades-sobre-a-paz-marcaram-forum-infantil-da-lbv-em-jp\/","title":{"rendered":"Nota: Atividades sobre a Paz marcaram F\u00f3rum Infantil da LBV em JP"},"content":{"rendered":"<p class=\"m_6988578218571921690x_MsoNormal\">No \u00faltimo dia 21 de mar\u00e7o, centenas de crian\u00e7as que frequentam o Centro Comunit\u00e1rio de Assist\u00eancia Social da Legi\u00e3o da Boa Vontade\u00a0em Jo\u00e3o Pessoa no Bairro de Jaguaribe,participaram das atividades que abriram o 16<s>\u00ba<\/s>\u00a0F\u00f3rum Infantil promovido pela LBV.<\/p>\n<p class=\"m_6988578218571921690x_MsoNormal\">O evento inaugurou uma s\u00e9rie de atividades e reflex\u00f5es acerca do tema \u201cGuardi\u00e3o do Amor Fraterno, eu sou! Unir os cora\u00e7\u00f5es,\u00a0eu vou!\u201d, que traz \u00e0 discuss\u00e3o as seguintes tem\u00e1ticas: \u201cSou importante sim!\u201d, \u201cDiferentes, mas iguais!\u201d, \u201cBoas escolhas me fazem feliz!\u201d, \u201cEcumenismo: nossa Bandeira de Paz!\u201d, \u201cBom mesmo \u00e9 conhecer e aprender!\u201d, \u201cCom os outros, eu tamb\u00e9m aprendo sobre mim!\u201d, \u201cVoc\u00ea \u00e9 meu(minha) irm\u00e3o(\u00e3) tamb\u00e9m!\u201d, \u201cA Paz nasce do nosso cora\u00e7\u00e3o!\u201d e \u201cUm caminho para todos n\u00f3s!\u201d<\/p>\n<p class=\"m_6988578218571921690x_MsoNormal\">Protagonizado pelas pr\u00f3prias crian\u00e7as, o f\u00f3rum promove rodas de conversa, debates, din\u00e2micas, jogos, apresenta\u00e7\u00f5es teatrais, coreogr\u00e1ficas e musicais, pain\u00e9is tem\u00e1ticos e mostras culturais que prosseguir\u00e3o at\u00e9 mar\u00e7o de 2019.<\/p>\n<p class=\"m_6988578218571921690x_MsoNormal\">O ponto alto da programa\u00e7\u00e3o ocorreu no \u00faltimo s\u00e1bado (24\/3), com a mensagem fraterna e ecum\u00eanica do diretor-presidente da LBV, Jos\u00e9 de Paiva Netto, dirigida ao cora\u00e7\u00e3o de todas as crian\u00e7as e fam\u00edlias.<\/p>\n<p class=\"m_6988578218571921690x_MsoNormal\"><b>\u00a0<\/b><b>Sobre o evento<\/b><\/p>\n<p class=\"m_6988578218571921690x_MsoNormal\">Criado pelo educador Paiva Netto, o F\u00f3rum Internacional dos Soldadinhos de Deus, da LBV (como carinhosamente s\u00e3o chamadas as crian\u00e7as na Institui\u00e7\u00e3o) tem o objetivo de promover o protagonismo infantojuvenil e visa mobilizar as crian\u00e7as a utilizar a criatividade, a aprender e a refletir sobre temas atuais da sociedade, incluindo nas a\u00e7\u00f5es a viv\u00eancia de valores espirituais, \u00e9ticos e ecum\u00eanicos.<\/p>\n<p><strong>CARIRI EM A\u00c7\u00c3O<\/strong><\/p>\n<p><em>Com Ascom \/Foto: Divulga\u00e7\u00e3o\u00a0<\/em><\/p>\n<p><strong>Leia mais not\u00edcias em\u00a0<\/strong><a href=\"http:\/\/www.caririemacao.com\/\"><strong>caririemacao.com<\/strong><\/a><strong>, siga nossa p\u00e1gina no\u00a0<\/strong><a href=\"https:\/\/www.facebook.com\/CaririEmAcao\/?ref=aymt_homepage_panel\"><strong>Facebook<\/strong><\/a>,<strong>\u00a0<\/strong><a href=\"https:\/\/www.instagram.com\/cariri_em_acao\/?hl=pt-br\"><strong>Instagram<\/strong><\/a><strong>\u00a0e <\/strong><a href=\"https:\/\/www.youtube.com\/channel\/UCAptA0jQuYQy8vMhLt2m4qg\"><strong>Youtube<\/strong><\/a><strong>\u00a0e veja nossas mat\u00e9rias, v\u00eddeos e fotos. Voc\u00ea tamb\u00e9m pode enviar informa\u00e7\u00f5es \u00e0 Reda\u00e7\u00e3o do Portal Cariri em A\u00e7\u00e3o pelo WhatsApp (83) 9 9634.5791, (83) 9 9601-1162.<\/strong><\/p>\n","protected":false},"excerpt":{"rendered":"<p>No \u00faltimo dia 21 de mar\u00e7o, centenas de crian\u00e7as que frequentam o Centro Comunit\u00e1rio de Assist\u00eancia Social da Legi\u00e3o da Boa Vontade\u00a0em Jo\u00e3o Pessoa no&hellip; <\/p>\n","protected":false},"author":2,"featured_media":45299,"comment_status":"closed","ping_status":"closed","sticky":false,"template":"","format":"standard","meta":{"sfsi_plus_gutenberg_text_before_share":"","sfsi_plus_gutenberg_show_text_before_share":"","sfsi_plus_gutenberg_icon_type":"","sfsi_plus_gutenberg_icon_alignemt":"","sfsi_plus_gutenburg_max_per_row":"","footnotes":""},"categories":[2],"tags":[],"class_list":["post-45298","post","type-post","status-publish","format-standard","has-post-thumbnail","hentry","category-geral"],"_links":{"self":[{"href":"https:\/\/www.caririemacao.com\/1\/wp-json\/wp\/v2\/posts\/45298","targetHints":{"allow":["GET"]}}],"collection":[{"href":"https:\/\/www.caririemacao.com\/1\/wp-json\/wp\/v2\/posts"}],"about":[{"href":"https:\/\/www.caririemacao.com\/1\/wp-json\/wp\/v2\/types\/post"}],"author":[{"embeddable":true,"href":"https:\/\/www.caririemacao.com\/1\/wp-json\/wp\/v2\/users\/2"}],"replies":[{"embeddable":true,"href":"https:\/\/www.caririemacao.com\/1\/wp-json\/wp\/v2\/comments?post=45298"}],"version-history":[{"count":0,"href":"https:\/\/www.caririemacao.com\/1\/wp-json\/wp\/v2\/posts\/45298\/revisions"}],"wp:featuredmedia":[{"embeddable":true,"href":"https:\/\/www.caririemacao.com\/1\/wp-json\/wp\/v2\/media\/45299"}],"wp:attachment":[{"href":"https:\/\/www.caririemacao.com\/1\/wp-json\/wp\/v2\/media?parent=45298"}],"wp:term":[{"taxonomy":"category","embeddable":true,"href":"https:\/\/www.caririemacao.com\/1\/wp-json\/wp\/v2\/categories?post=45298"},{"taxonomy":"post_tag","embeddable":true,"href":"https:\/\/www.caririemacao.com\/1\/wp-json\/wp\/v2\/tags?post=45298"}],"curies":[{"name":"wp","href":"https:\/\/api.w.org\/{rel}","templated":true}]}}