{"id":45303,"date":"2018-03-26T10:48:07","date_gmt":"2018-03-26T13:48:07","guid":{"rendered":"http:\/\/caririemacao.com\/1\/?p=45303"},"modified":"2018-03-26T10:58:47","modified_gmt":"2018-03-26T13:58:47","slug":"tatuado-com-ladrao-e-vacilao-na-testa-e-preso","status":"publish","type":"post","link":"https:\/\/www.caririemacao.com\/1\/2018\/03\/26\/tatuado-com-ladrao-e-vacilao-na-testa-e-preso\/","title":{"rendered":"Tatuado com \u2018ladr\u00e3o e vacil\u00e3o\u2019 na testa \u00e9 preso"},"content":{"rendered":"<p>O jovem de 18 anos que\u00a0teve a frase \u201ceu sou ladr\u00e3o e vacil\u00e3o\u201d tatuada na testa ap\u00f3s tentar furtar uma bicicleta\u00a0em S\u00e3o Bernardo do Campo, no ABC, em junho de 2017, foi preso em flagrante por furtar desodorantes em um supermercado neste s\u00e1bado (24) em Mairipor\u00e3, na Grande S\u00e3o Paulo.<\/p>\n<p data-track-category=\"Link no Texto\" data-track-links=\"\">A fian\u00e7a de R$ 1 mil foi paga, e ele vai responder em liberdade.<\/p>\n<p data-track-category=\"Link no Texto\" data-track-links=\"\">O crime ocorreu por volta das 19h40, quando o jovem estava em um supermercado na Estrada Ar\u00e3o Sahm, no Jardim Nipon, em Mairipor\u00e3.<\/p>\n<p data-track-category=\"Link no Texto\" data-track-links=\"\">Segundo o boletim de ocorr\u00eancia, o dono do estabelecimento informou que viu o rapaz colocando dois objetos dentro da cal\u00e7a. Ao sair do local, o comerciante abordou o jovem e descobriu que ele estava com cinco frascos de desodorante escondidos.<\/p>\n<p data-track-category=\"Link no Texto\" data-track-links=\"\">A Pol\u00edcia Militar foi chamada e levou os envolvidos para a delegacia de Mairipor\u00e3, onde o caso foi registrado.<\/p>\n<p><strong>Tatuado na testa<\/strong><\/p>\n<p>Em junho de 2017,\u00a0o tatuador Maycon Wesley Carvalho dos Reis, de 27 anos, e o vizinho dele Ronildo Moreira de Ara\u00fajo, de 29 anos, foram presos<a href=\"https:\/\/g1.globo.com\/sao-paulo\/noticia\/tatuador-e-preso-por-tortura-apos-escrever-eu-sou-ladrao-e-vacilao-na-testa-de-adolescente-no-abc.ghtml\"><strong>\u00a0<\/strong><\/a>em flagrante por tortura em S\u00e3o Bernardo do Campo ap\u00f3s tatuarem a inscri\u00e7\u00e3o \u201ceu sou ladr\u00e3o e vacil\u00e3o\u201d na testa do jovem, na \u00e9poca com 17 anos.<\/p>\n<p data-track-category=\"Link no Texto\" data-track-links=\"\">Os dois disseram para a delegada Carolina Nascimento Aguiar que resolveram tatuar a testa do adolescente \u201ccomo forma de puni\u00e7\u00e3o\u201d porque ele tentou\u00a0furtar uma bicicleta na regi\u00e3o. Eles filmaram o jovem sendo tatuado.<\/p>\n<p data-track-category=\"Link no Texto\" data-track-links=\"\">Maycon e Ronildo foram presos ap\u00f3s compartilharem o v\u00eddeo em grupos de WhatsApp, e as imagens viralizaram na internet.<\/p>\n<p data-track-category=\"Link no Texto\" data-track-links=\"\">O jovem foi internado em uma cl\u00ednica para tratamento contra o v\u00edcio de crack e \u00e1lcool, na Grande S\u00e3o Paulo. Ele disse ao<strong>\u00a0<\/strong>G1\u00a0que vive um dia por vez e que perdoa os respons\u00e1veis pela tatuagem<strong>.<\/strong>\u00a0O jovem, agora com 18 anos, passou por sess\u00f5es para a remo\u00e7\u00e3o da tatuagem, que n\u00e3o foram finalizadas.<\/p>\n<p><strong>CARIRI EM A\u00c7\u00c3O<\/strong><\/p>\n<p><em>Com G1 \/Foto: Reprodu\u00e7\u00e3o<\/em><\/p>\n<p><strong>Leia mais not\u00edcias em\u00a0<\/strong><a href=\"http:\/\/www.caririemacao.com\/\"><strong>caririemacao.com<\/strong><\/a><strong>, siga nossa p\u00e1gina no\u00a0<\/strong><a href=\"https:\/\/www.facebook.com\/CaririEmAcao\/?ref=aymt_homepage_panel\"><strong>Facebook<\/strong><\/a>,<strong>\u00a0<\/strong><a href=\"https:\/\/www.instagram.com\/cariri_em_acao\/?hl=pt-br\"><strong>Instagram<\/strong><\/a><strong>\u00a0e <\/strong><a href=\"https:\/\/www.youtube.com\/channel\/UCAptA0jQuYQy8vMhLt2m4qg\"><strong>Youtube<\/strong><\/a><strong>\u00a0e veja nossas mat\u00e9rias, v\u00eddeos e fotos. Voc\u00ea tamb\u00e9m pode enviar informa\u00e7\u00f5es \u00e0 Reda\u00e7\u00e3o do Portal Cariri em A\u00e7\u00e3o pelo WhatsApp (83) 9 9634.5791, (83) 9 9601-1162.<\/strong><\/p>\n","protected":false},"excerpt":{"rendered":"<p>O jovem de 18 anos que\u00a0teve a frase \u201ceu sou ladr\u00e3o e vacil\u00e3o\u201d tatuada na testa ap\u00f3s tentar furtar uma bicicleta\u00a0em S\u00e3o Bernardo do Campo,&hellip; <\/p>\n","protected":false},"author":2,"featured_media":45304,"comment_status":"closed","ping_status":"closed","sticky":false,"template":"","format":"standard","meta":{"sfsi_plus_gutenberg_text_before_share":"","sfsi_plus_gutenberg_show_text_before_share":"","sfsi_plus_gutenberg_icon_type":"","sfsi_plus_gutenberg_icon_alignemt":"","sfsi_plus_gutenburg_max_per_row":"","footnotes":""},"categories":[12],"tags":[],"class_list":["post-45303","post","type-post","status-publish","format-standard","has-post-thumbnail","hentry","category-policia"],"_links":{"self":[{"href":"https:\/\/www.caririemacao.com\/1\/wp-json\/wp\/v2\/posts\/45303","targetHints":{"allow":["GET"]}}],"collection":[{"href":"https:\/\/www.caririemacao.com\/1\/wp-json\/wp\/v2\/posts"}],"about":[{"href":"https:\/\/www.caririemacao.com\/1\/wp-json\/wp\/v2\/types\/post"}],"author":[{"embeddable":true,"href":"https:\/\/www.caririemacao.com\/1\/wp-json\/wp\/v2\/users\/2"}],"replies":[{"embeddable":true,"href":"https:\/\/www.caririemacao.com\/1\/wp-json\/wp\/v2\/comments?post=45303"}],"version-history":[{"count":0,"href":"https:\/\/www.caririemacao.com\/1\/wp-json\/wp\/v2\/posts\/45303\/revisions"}],"wp:featuredmedia":[{"embeddable":true,"href":"https:\/\/www.caririemacao.com\/1\/wp-json\/wp\/v2\/media\/45304"}],"wp:attachment":[{"href":"https:\/\/www.caririemacao.com\/1\/wp-json\/wp\/v2\/media?parent=45303"}],"wp:term":[{"taxonomy":"category","embeddable":true,"href":"https:\/\/www.caririemacao.com\/1\/wp-json\/wp\/v2\/categories?post=45303"},{"taxonomy":"post_tag","embeddable":true,"href":"https:\/\/www.caririemacao.com\/1\/wp-json\/wp\/v2\/tags?post=45303"}],"curies":[{"name":"wp","href":"https:\/\/api.w.org\/{rel}","templated":true}]}}