{"id":45308,"date":"2018-03-26T11:04:19","date_gmt":"2018-03-26T14:04:19","guid":{"rendered":"http:\/\/caririemacao.com\/1\/?p=45308"},"modified":"2018-03-26T11:04:19","modified_gmt":"2018-03-26T14:04:19","slug":"emprego-informal-tira-forca-da-retomada","status":"publish","type":"post","link":"https:\/\/www.caririemacao.com\/1\/2018\/03\/26\/emprego-informal-tira-forca-da-retomada\/","title":{"rendered":"Emprego informal tira for\u00e7a da retomada"},"content":{"rendered":"<p>A recupera\u00e7\u00e3o do mercado de trabalho puxada pelo emprego informal, sem carteira assinada, n\u00e3o d\u00e1 seguran\u00e7a para as fam\u00edlias voltarem a consumir com for\u00e7a e pode comprometer a retomada.<\/p>\n<p>Para especialistas, a conclus\u00e3o se\u00a0<span class=\"pba_container\">ancora<\/span>\u00a0no cruzamento de dados. Em 2017, foram criadas 1,8 milh\u00e3o de\u00a0<span class=\"pba_container\">vagas\u2014<\/span>\u00a0todas no setor informal. Com carteira, 685 mil vagas foram perdidas.<\/p>\n<p>Tamb\u00e9m conta a renda m\u00e9dia dos sem carteira e de pequenos empreendedores, metade da renda dos formais, j\u00e1 descontada a infla\u00e7\u00e3o.<\/p>\n<p>\u201cA propens\u00e3o a consumir de um empregado formal, que tem mais seguran\u00e7a e acesso ao cr\u00e9dito, \u00e9 maior do que a de um informal\u201d, diz Marcelo\u00a0<span class=\"pba_container\">Gazzano<\/span>, economista da consultoria AC Pastore.<\/p>\n<p>Estudo da consultoria de\u00a0<span class=\"pba_container\">Affonso<\/span>\u00a0Celso Pastore, ex-presidente do Banco Central, busca entender por que proje\u00e7\u00f5es de consumo vinham negligenciando esse efeito.<\/p>\n<p>A sugest\u00e3o \u00e9 que, envolvidos pelo cen\u00e1rio de juros mais baixos e melhora, ainda que incipiente, de sal\u00e1rios e cr\u00e9dito, analistas menosprezaram o peso da carteira de trabalho em decis\u00f5es de consumo \u2014<span class=\"pba_container\">o<\/span>\u00a0que tamb\u00e9m explicaria a trajet\u00f3ria surpreendentemente err\u00e1tica do varejo nos \u00faltimos meses.<\/p>\n<p>A equipe de Pastore considera revisar a proje\u00e7\u00e3o de crescimento para 2018, ainda em 3%. A expectativa \u00e9 que fique pr\u00f3xima de 2,5%.<\/p>\n<p>\u201cN\u00e3o d\u00e1 para dizer: n\u00e3o haver\u00e1 recupera\u00e7\u00e3o econ\u00f4mica pelo consumo. Ela vir\u00e1. Mas menos robusta do que se imaginava em raz\u00e3o da profunda altera\u00e7\u00e3o no mercado de trabalho\u201d, diz Marcelo\u00a0<span class=\"pba_container\">Gazzano<\/span>, respons\u00e1vel pelo estudo.<\/p>\n<p>Um bom exerc\u00edcio<span class=\"pba_container\">,<\/span>\u00a0diz ele, \u00e9 olhar para o consumo das fam\u00edlias e para o mercado de trabalho num per\u00edodo maior.<\/p>\n<p>O consumo atingiu o pico da s\u00e9rie hist\u00f3rica, iniciada em 1996, entre 2011 e 2014. Nesse momento, a propor\u00e7\u00e3o de trabalhadores com carteira assinada na popula\u00e7\u00e3o ocupada tamb\u00e9m esteve no teto hist\u00f3rico, ao redor de 45%.<\/p>\n<p>Em apenas tr\u00eas anos, esse percentual foi para 42%, mas o consumo n\u00e3o teve o mesmo comportamento, em especial no ano passado. A trajet\u00f3ria positiva do varejo em 2017 tirou as aten\u00e7\u00f5es do mercado de trabalho nessa correla\u00e7\u00e3o.<\/p>\n<p>E a oferta de vagas piorou muito. No fim de 2011, eram 39,9 milh\u00f5es de trabalhadores com carteira. No fim de 2017, 38,4 milh\u00f5es. No mesmo per\u00edodo, o pa\u00eds saiu do pleno emprego para uma situa\u00e7\u00e3o em que h\u00e1 12,3 milh\u00f5es de desempregados, 26,4 milh\u00f5es de subempregados e 4,4 milh\u00f5es que desistiram de buscar trabalho.<\/p>\n<p>O melhor comportamento do varejo em 2017, avalia-se hoje, pode ter sido provocado pela libera\u00e7\u00e3o de R$ 44 bilh\u00f5es do FGTS (Fundo de Garantia do Tempo de Servi\u00e7o), pois parte foi para compras.<\/p>\n<p class=\"c-news__subtitle\"><strong>ALERTA<\/strong><\/p>\n<p>O sinal de alerta veio com o desempenho p\u00edfio do consumo das fam\u00edlias nos \u00faltimos tr\u00eas meses do ano. Com 65% do PIB (Produto Interno Bruto), o consumo determina o que ocorre na economia.<\/p>\n<p>Ap\u00f3s alta de 1% no segundo e terceiro trimestres de 2017, o consumo quase n\u00e3o se moveu entre outubro e dezembro. No per\u00edodo, as proje\u00e7\u00f5es da AC Pastore, pareciam muito otimistas e passaram a se descolar dos dados.<\/p>\n<p>A equipe deu, ent\u00e3o, um peso maior ao consumo dos formais para explicar vendas mais modestas e as previs\u00f5es voltaram a aderir \u00e0 realidade.<\/p>\n<p><strong>CARIRI EM A\u00c7\u00c3O<\/strong><\/p>\n<p><em>Com Folha de S\u00e3o Paulo\/Foto: Reprodu\u00e7\u00e3o Internet\u00a0<\/em><\/p>\n<p><strong>Leia mais not\u00edcias em\u00a0<\/strong><a href=\"http:\/\/www.caririemacao.com\/\"><strong>caririemacao.com<\/strong><\/a><strong>, siga nossa p\u00e1gina no\u00a0<\/strong><a href=\"https:\/\/www.facebook.com\/CaririEmAcao\/?ref=aymt_homepage_panel\"><strong>Facebook<\/strong><\/a>,<strong>\u00a0<\/strong><a href=\"https:\/\/www.instagram.com\/cariri_em_acao\/?hl=pt-br\"><strong>Instagram<\/strong><\/a><strong>\u00a0e <\/strong><a href=\"https:\/\/www.youtube.com\/channel\/UCAptA0jQuYQy8vMhLt2m4qg\"><strong>Youtube<\/strong><\/a><strong>\u00a0e veja nossas mat\u00e9rias, v\u00eddeos e fotos. Voc\u00ea tamb\u00e9m pode enviar informa\u00e7\u00f5es \u00e0 Reda\u00e7\u00e3o do Portal Cariri em A\u00e7\u00e3o pelo WhatsApp (83) 9 9634.5791, (83) 9 9601-1162.<\/strong><\/p>\n","protected":false},"excerpt":{"rendered":"<p>A recupera\u00e7\u00e3o do mercado de trabalho puxada pelo emprego informal, sem carteira assinada, n\u00e3o d\u00e1 seguran\u00e7a para as fam\u00edlias voltarem a consumir com for\u00e7a e&hellip; <\/p>\n","protected":false},"author":2,"featured_media":45309,"comment_status":"closed","ping_status":"closed","sticky":false,"template":"","format":"standard","meta":{"sfsi_plus_gutenberg_text_before_share":"","sfsi_plus_gutenberg_show_text_before_share":"","sfsi_plus_gutenberg_icon_type":"","sfsi_plus_gutenberg_icon_alignemt":"","sfsi_plus_gutenburg_max_per_row":"","footnotes":""},"categories":[2],"tags":[],"class_list":["post-45308","post","type-post","status-publish","format-standard","has-post-thumbnail","hentry","category-geral"],"_links":{"self":[{"href":"https:\/\/www.caririemacao.com\/1\/wp-json\/wp\/v2\/posts\/45308","targetHints":{"allow":["GET"]}}],"collection":[{"href":"https:\/\/www.caririemacao.com\/1\/wp-json\/wp\/v2\/posts"}],"about":[{"href":"https:\/\/www.caririemacao.com\/1\/wp-json\/wp\/v2\/types\/post"}],"author":[{"embeddable":true,"href":"https:\/\/www.caririemacao.com\/1\/wp-json\/wp\/v2\/users\/2"}],"replies":[{"embeddable":true,"href":"https:\/\/www.caririemacao.com\/1\/wp-json\/wp\/v2\/comments?post=45308"}],"version-history":[{"count":0,"href":"https:\/\/www.caririemacao.com\/1\/wp-json\/wp\/v2\/posts\/45308\/revisions"}],"wp:featuredmedia":[{"embeddable":true,"href":"https:\/\/www.caririemacao.com\/1\/wp-json\/wp\/v2\/media\/45309"}],"wp:attachment":[{"href":"https:\/\/www.caririemacao.com\/1\/wp-json\/wp\/v2\/media?parent=45308"}],"wp:term":[{"taxonomy":"category","embeddable":true,"href":"https:\/\/www.caririemacao.com\/1\/wp-json\/wp\/v2\/categories?post=45308"},{"taxonomy":"post_tag","embeddable":true,"href":"https:\/\/www.caririemacao.com\/1\/wp-json\/wp\/v2\/tags?post=45308"}],"curies":[{"name":"wp","href":"https:\/\/api.w.org\/{rel}","templated":true}]}}