{"id":45313,"date":"2018-03-26T11:22:44","date_gmt":"2018-03-26T14:22:44","guid":{"rendered":"http:\/\/caririemacao.com\/1\/?p=45313"},"modified":"2018-03-26T11:22:44","modified_gmt":"2018-03-26T14:22:44","slug":"geraldo-alckmin-assume-dificuldade-eleitoral-no-norte-e-nordeste-do-pais","status":"publish","type":"post","link":"https:\/\/www.caririemacao.com\/1\/2018\/03\/26\/geraldo-alckmin-assume-dificuldade-eleitoral-no-norte-e-nordeste-do-pais\/","title":{"rendered":"Geraldo Alckmin assume dificuldade eleitoral no Norte e Nordeste do pa\u00eds"},"content":{"rendered":"<p>Em conversas com aliados, Geraldo Alckmin (PSDB) reconheceu que ter\u00e1 dificuldades no Nordeste na corrida presidencial. O tucano tamb\u00e9m disse ver pouco espa\u00e7o na regi\u00e3o Norte, por causa da hist\u00f3rica oposi\u00e7\u00e3o de S\u00e3o Paulo aos incentivos fiscais da Zona Franca de Manaus.<\/p>\n<p>Dirigentes de partidos da base de Michel Temer no Congresso dizem que poder\u00e1 falhar a tentativa do emedebista de usar as trocas no minist\u00e9rio para manter a seu lado as siglas que apoiam as pretens\u00f5es eleitorais do presidente da C\u00e2mara, Rodrigo Maia (DEM-RJ).<\/p>\n<p>J\u00e1 o prefeito Jo\u00e3o Doria (PSDB), que no ano passado defendeu a reforma trabalhista e agora se prepara para entrar em campanha pelo governo de S\u00e3o Paulo, busca reaproxima\u00e7\u00e3o com o movimento sindical. Nesta segunda, o tucano se encontrar\u00e1 com Ricardo Patah, presidente da UGT (Uni\u00e3o Geral dos Trabalhadores). Patah \u00e9 filiado ao PSD, que apoia Doria na disputa eleitoral.\u00a0 (Painel \u2013 FSP)<\/p>\n<p>Candidato \u00e0 reelei\u00e7\u00e3o, o governador de Mato Grosso do Sul, Reinaldo Azambuja (PSDB), mostrou para os tucanos pesquisas internas que apontam o deputado Jair Bolsonaro (PSL-RJ) com 45% das inten\u00e7\u00f5es no Centro-Oeste.<\/p>\n<p><strong>CARIRI EM A\u00c7\u00c3O<\/strong><\/p>\n<p><em>Com Painel\/Folha \/Foto: Reprodu\u00e7\u00e3o Internet<\/em><\/p>\n<p><strong>Leia mais not\u00edcias em\u00a0<\/strong><a href=\"http:\/\/www.caririemacao.com\/\"><strong>caririemacao.com<\/strong><\/a><strong>, siga nossa p\u00e1gina no\u00a0<\/strong><a href=\"https:\/\/www.facebook.com\/CaririEmAcao\/?ref=aymt_homepage_panel\"><strong>Facebook<\/strong><\/a>,<strong>\u00a0<\/strong><a href=\"https:\/\/www.instagram.com\/cariri_em_acao\/?hl=pt-br\"><strong>Instagram<\/strong><\/a><strong>\u00a0e <\/strong><a href=\"https:\/\/www.youtube.com\/channel\/UCAptA0jQuYQy8vMhLt2m4qg\"><strong>Youtube<\/strong><\/a><strong>\u00a0e veja nossas mat\u00e9rias, v\u00eddeos e fotos. Voc\u00ea tamb\u00e9m pode enviar informa\u00e7\u00f5es \u00e0 Reda\u00e7\u00e3o do Portal Cariri em A\u00e7\u00e3o pelo WhatsApp (83) 9 9634.5791, (83) 9 9601-1162.<\/strong><\/p>\n","protected":false},"excerpt":{"rendered":"<p>Em conversas com aliados, Geraldo Alckmin (PSDB) reconheceu que ter\u00e1 dificuldades no Nordeste na corrida presidencial. O tucano tamb\u00e9m disse ver pouco espa\u00e7o na regi\u00e3o&hellip; <\/p>\n","protected":false},"author":2,"featured_media":45314,"comment_status":"closed","ping_status":"closed","sticky":false,"template":"","format":"standard","meta":{"sfsi_plus_gutenberg_text_before_share":"","sfsi_plus_gutenberg_show_text_before_share":"","sfsi_plus_gutenberg_icon_type":"","sfsi_plus_gutenberg_icon_alignemt":"","sfsi_plus_gutenburg_max_per_row":"","footnotes":""},"categories":[1],"tags":[],"class_list":["post-45313","post","type-post","status-publish","format-standard","has-post-thumbnail","hentry","category-o-site"],"_links":{"self":[{"href":"https:\/\/www.caririemacao.com\/1\/wp-json\/wp\/v2\/posts\/45313","targetHints":{"allow":["GET"]}}],"collection":[{"href":"https:\/\/www.caririemacao.com\/1\/wp-json\/wp\/v2\/posts"}],"about":[{"href":"https:\/\/www.caririemacao.com\/1\/wp-json\/wp\/v2\/types\/post"}],"author":[{"embeddable":true,"href":"https:\/\/www.caririemacao.com\/1\/wp-json\/wp\/v2\/users\/2"}],"replies":[{"embeddable":true,"href":"https:\/\/www.caririemacao.com\/1\/wp-json\/wp\/v2\/comments?post=45313"}],"version-history":[{"count":0,"href":"https:\/\/www.caririemacao.com\/1\/wp-json\/wp\/v2\/posts\/45313\/revisions"}],"wp:featuredmedia":[{"embeddable":true,"href":"https:\/\/www.caririemacao.com\/1\/wp-json\/wp\/v2\/media\/45314"}],"wp:attachment":[{"href":"https:\/\/www.caririemacao.com\/1\/wp-json\/wp\/v2\/media?parent=45313"}],"wp:term":[{"taxonomy":"category","embeddable":true,"href":"https:\/\/www.caririemacao.com\/1\/wp-json\/wp\/v2\/categories?post=45313"},{"taxonomy":"post_tag","embeddable":true,"href":"https:\/\/www.caririemacao.com\/1\/wp-json\/wp\/v2\/tags?post=45313"}],"curies":[{"name":"wp","href":"https:\/\/api.w.org\/{rel}","templated":true}]}}