{"id":45333,"date":"2018-03-26T12:04:32","date_gmt":"2018-03-26T15:04:32","guid":{"rendered":"http:\/\/caririemacao.com\/1\/?p=45333"},"modified":"2018-03-26T12:04:32","modified_gmt":"2018-03-26T15:04:32","slug":"mesmo-sendo-ficha-suja-lula-pode-registrar-candidatura-entenda","status":"publish","type":"post","link":"https:\/\/www.caririemacao.com\/1\/2018\/03\/26\/mesmo-sendo-ficha-suja-lula-pode-registrar-candidatura-entenda\/","title":{"rendered":"Mesmo sendo &#8216;ficha suja&#8217;, Lula pode registrar candidatura; entenda"},"content":{"rendered":"<p><span class=\"news_capital_letter\">O<\/span>s desembargadores da 8\u00aa Turma do Tribunal Regional Federal da 4\u00aa Regi\u00e3o (TRF-4), Victor Luiz dos Santos Laus, Jo\u00e3o Pedro Gebran Neto e Leandro Paulsen, julgam nesta segunda-feira (26) os \u00faltimos recursos do ex-presidente Lula na segunda inst\u00e2ncia. S\u00e3o embargos de declara\u00e7\u00e3o, que n\u00e3o t\u00eam o poder de mudar a senten\u00e7a, mas apenas esclarecer alguns pontos.<\/p>\n<p>No entanto, mesmo que a Corte negue estes embargos, ainda restar\u00e1 \u00e0 defesa de Lula mais uma chance para adiar o processo. Seria o &#8220;embargo do embargo&#8221;, que consiste no pedido, por parte dos advogados, de esclarecimentos sobre a decis\u00e3o.<\/p>\n<p>A an\u00e1lise desse &#8220;embargo do embargo&#8221; ficaria, ent\u00e3o, para uma pr\u00f3xima sess\u00e3o. Mas, conforme destaca O Globo, a chance de sucesso desta a\u00e7\u00e3o \u00e9 pequena, visto que, em outros casos, os desembargadores consideraram a medida meramente protelat\u00f3ria.<\/p>\n<p>Em janeiro \u00faltimo, o\u00a0TRF-4 confirmou a condena\u00e7\u00e3o imposta a Lula pelo juiz federal S\u00e9rgio Moro, na a\u00e7\u00e3o penal envolvendo o tr\u00edplex no Guaruj\u00e1 (SP). A pena ainda foi revisada e aumentou para 12 anos e um m\u00eas de pris\u00e3o, por corrup\u00e7\u00e3o e lavagem de dinheiro.<\/p>\n<p>Sobre os embargos de declara\u00e7\u00e3o que ser\u00e3o julgados hoje, o Minist\u00e9rio P\u00fablica Federal (MPF) j\u00e1 se pronunciou: recomendou a nega\u00e7\u00e3o e a pris\u00e3o do ex-presidente. J\u00e1 o Supremo Tribunal Federal (STF) decidiu, na \u00faltima semana, julgar habeas corpus que tenta impedir a pris\u00e3o de Lula &#8211; ap\u00f3s condena\u00e7\u00e3o na segunda inst\u00e2ncia -, o que deve ser feito no pr\u00f3ximo dia 4. Na mesma sess\u00e3o, a Corte concedeu salvo-conduto a Lula, que n\u00e3o pode ser preso at\u00e9 l\u00e1.<\/p>\n<p><span class=\"news_bold\">Alternativas<\/span><\/p>\n<p>Se a apela\u00e7\u00e3o da defesa do petista for negada, hoje, no TRF-4, Lula ser\u00e1 enquadrado na Lei da Ficha Limpa. &#8220;A partir da publica\u00e7\u00e3o do ac\u00f3rd\u00e3o do julgamento do embargo, Lula estar\u00e1 enquadrado na Lei da Ficha Limpa&#8221;, diz a advogada Carolina Cl\u00e8ve, especialista em Direito Eleitoral, ao O Globo.<\/p>\n<p>Mas os advogados do\u00a0ex-presidente ainda podem recorrer a inst\u00e2ncias superiores para mant\u00ea-lo candidato \u00e0 presid\u00eancia da Rep\u00fablica. Para isso, devem apresentar um pedido de suspens\u00e3o da inelegibilidade.<\/p>\n<p>Conforme O Globo, o pleito deve integrar os dois \u00faltimos recursos a que o ex-presidente tem direito, sendo um recurso especial no Superior Tribunal de Justi\u00e7a (STJ), que serve para apontar decis\u00f5es ou atos do processo que violem princ\u00edpios como os da ampla defesa, e um recurso extraordin\u00e1rio no STF, usado para questionar decis\u00f5es e atos que violem dispositivos constitucionais ou ofensas \u00e0 Constitui\u00e7\u00e3o.<\/p>\n<p>No STJ, se Lula vencer, ele reverte a condena\u00e7\u00e3o penal e afasta a chance de pris\u00e3o. Caso o pedido seja negado, a defesa, ent\u00e3o, poder\u00e1 apelar para o STF.<\/p>\n<p>Sendo assim, com base na suspens\u00e3o da inelegibilidade, mesmo enquadrado na Lei da Ficha Limpa, Lula pode solicitar o registro de candidatura. E a Lei Eleitoral diz que, com a solicita\u00e7\u00e3o do pedido, o candidato est\u00e1 autorizado a realizar atos de campanha at\u00e9 a decis\u00e3o definitiva sobre o registro no Tribunal Superior Eleitoral (TSE), cujo prazo final \u00e9 15 de agosto.<\/p>\n<p><strong>CARIRI EM A\u00c7\u00c3O<\/strong><\/p>\n<p><em>Com Politica\u00a0ao Minuto\/Foto: Reprodu\u00e7\u00e3o Internet\u00a0<\/em><\/p>\n<p><strong>Leia mais not\u00edcias em\u00a0<\/strong><a href=\"http:\/\/www.caririemacao.com\/\"><strong>caririemacao.com<\/strong><\/a><strong>, siga nossa p\u00e1gina no\u00a0<\/strong><a href=\"https:\/\/www.facebook.com\/CaririEmAcao\/?ref=aymt_homepage_panel\"><strong>Facebook<\/strong><\/a>,<strong>\u00a0<\/strong><a href=\"https:\/\/www.instagram.com\/cariri_em_acao\/?hl=pt-br\"><strong>Instagram<\/strong><\/a><strong>\u00a0e\u00a0<\/strong><a href=\"https:\/\/www.youtube.com\/channel\/UCAptA0jQuYQy8vMhLt2m4qg\"><strong>Youtube<\/strong><\/a><strong>\u00a0e veja nossas mat\u00e9rias, v\u00eddeos e fotos. Voc\u00ea tamb\u00e9m pode enviar informa\u00e7\u00f5es \u00e0 Reda\u00e7\u00e3o do Portal Cariri em A\u00e7\u00e3o pelo WhatsApp (83) 9 9634.5791, (83) 9 9601-1162.<\/strong><\/p>\n","protected":false},"excerpt":{"rendered":"<p>Os desembargadores da 8\u00aa Turma do Tribunal Regional Federal da 4\u00aa Regi\u00e3o (TRF-4), Victor Luiz dos Santos Laus, Jo\u00e3o Pedro Gebran Neto e Leandro Paulsen,&hellip; <\/p>\n","protected":false},"author":2,"featured_media":45337,"comment_status":"closed","ping_status":"closed","sticky":false,"template":"","format":"standard","meta":{"sfsi_plus_gutenberg_text_before_share":"","sfsi_plus_gutenberg_show_text_before_share":"","sfsi_plus_gutenberg_icon_type":"","sfsi_plus_gutenberg_icon_alignemt":"","sfsi_plus_gutenburg_max_per_row":"","footnotes":""},"categories":[11],"tags":[],"class_list":["post-45333","post","type-post","status-publish","format-standard","has-post-thumbnail","hentry","category-politica"],"_links":{"self":[{"href":"https:\/\/www.caririemacao.com\/1\/wp-json\/wp\/v2\/posts\/45333","targetHints":{"allow":["GET"]}}],"collection":[{"href":"https:\/\/www.caririemacao.com\/1\/wp-json\/wp\/v2\/posts"}],"about":[{"href":"https:\/\/www.caririemacao.com\/1\/wp-json\/wp\/v2\/types\/post"}],"author":[{"embeddable":true,"href":"https:\/\/www.caririemacao.com\/1\/wp-json\/wp\/v2\/users\/2"}],"replies":[{"embeddable":true,"href":"https:\/\/www.caririemacao.com\/1\/wp-json\/wp\/v2\/comments?post=45333"}],"version-history":[{"count":0,"href":"https:\/\/www.caririemacao.com\/1\/wp-json\/wp\/v2\/posts\/45333\/revisions"}],"wp:featuredmedia":[{"embeddable":true,"href":"https:\/\/www.caririemacao.com\/1\/wp-json\/wp\/v2\/media\/45337"}],"wp:attachment":[{"href":"https:\/\/www.caririemacao.com\/1\/wp-json\/wp\/v2\/media?parent=45333"}],"wp:term":[{"taxonomy":"category","embeddable":true,"href":"https:\/\/www.caririemacao.com\/1\/wp-json\/wp\/v2\/categories?post=45333"},{"taxonomy":"post_tag","embeddable":true,"href":"https:\/\/www.caririemacao.com\/1\/wp-json\/wp\/v2\/tags?post=45333"}],"curies":[{"name":"wp","href":"https:\/\/api.w.org\/{rel}","templated":true}]}}