{"id":45334,"date":"2018-03-26T12:00:34","date_gmt":"2018-03-26T15:00:34","guid":{"rendered":"http:\/\/caririemacao.com\/1\/?p=45334"},"modified":"2018-03-26T12:00:34","modified_gmt":"2018-03-26T15:00:34","slug":"moro-ordena-sequestro-de-us-5-mi-de-eduardo-cunha","status":"publish","type":"post","link":"https:\/\/www.caririemacao.com\/1\/2018\/03\/26\/moro-ordena-sequestro-de-us-5-mi-de-eduardo-cunha\/","title":{"rendered":"Moro ordena sequestro de US$ 5 mi de Eduardo Cunha"},"content":{"rendered":"<p>Respons\u00e1vel pelas a\u00e7\u00f5es da Opera\u00e7\u00e3o Lava Jato em primeira inst\u00e2ncia, o juiz da 13\u00aa Vara Federal de Curitiba, S\u00e9rgio Moro, determinou o sequestro de US$ 5 milh\u00f5es do patrim\u00f4nio do ex-presidente da C\u00e2mara Eduardo Cunha (MDB-RJ). Foram confiscados tr\u00eas im\u00f3veis no Rio e uma fra\u00e7\u00e3o de uma propriedade do emedebista tamb\u00e9m na capital fluminense.<\/p>\n<p>A decis\u00e3o sobre o sequestro do patrim\u00f4nio do deputado cassado atende parcialmente a um pedido da for\u00e7a-tarefa da Opera\u00e7\u00e3o Lava Jato. O Minist\u00e9rio P\u00fablico Federal, em Curitiba, havia solicitado ao magistrado que bloqueasse tamb\u00e9m os bens da mulher, a jornalista Cl\u00e1udia Cruz, e dos filhos de Eduardo Cunha, al\u00e9m de empresas vinculadas ao ex-deputado.<\/p>\n<p>\u201cExpe\u00e7a-se precat\u00f3ria para formaliza\u00e7\u00e3o do sequestro, avalia\u00e7\u00e3o e para que seja verificado quem ocupa cada im\u00f3vel e a qual t\u00edtulo\u201d, determinou o juiz na quinta-feira passada.<\/p>\n<p>A determina\u00e7\u00e3o do magistrado est\u00e1 ligada a um processo que Eduardo Cunha responde, com a ex-prefeita de Rio Bonito Solange Almeida, por corrup\u00e7\u00e3o passiva e lavagem de dinheiro em contratos dos navios-sonda Petrobr\u00e1s 10000 e Vit\u00f3ria 10000.<\/p>\n<p>A den\u00fancia atribui a Eduardo Cunha ser benefici\u00e1rio de propina no valor de US$ 5 milh\u00f5es no exterior. Os repasses teriam sido feitos por meio de contas em nome de empresas offshores e tamb\u00e9m dissimulados sob a forma de doa\u00e7\u00f5es a uma institui\u00e7\u00e3o religiosa.<\/p>\n<p>Os advogados de Cunha, Pedro Ivo Velloso e Ticiano Figueiredo, afirmaram que v\u00e3o impugnar a ordem de sequestro dos bens na Justi\u00e7a. \u201cTrata-se de uma devassa ilegal\u201d, afirmaram, por meio de nota. \u201cA partir de meras especula\u00e7\u00f5es, a medida atinge todo o patrim\u00f4nio adquirido ao longo de mais de quarenta e seis anos de trabalho\u201d, conclui o texto.<\/p>\n<h3>Antecedente<\/h3>\n<p>Eduardo Cunha j\u00e1 foi condenado em duas inst\u00e2ncias em outro processo, no qual foi acusado de receber US$ 1,5 milh\u00e3o em propinas na compra do campo petrol\u00edfero de Benin, na \u00c1frica, pela Petrobr\u00e1s, em 2011. A acusa\u00e7\u00e3o do Minist\u00e9rio P\u00fablico apontou que a quantia foi paga por um operador do MDB por meio de offshore.<\/p>\n<p>Inicialmente, a pena imposta a Cunha pelo juiz S\u00e9rgio Moro, em mar\u00e7o de 2017, foi de 15 anos e quatro meses de pris\u00e3o. Mas, em novembro do ano passado, o Tribunal Regional Federal da 4\u00aa Regi\u00e3o (TRF-4) reduziu em 10 meses a pena do emedebista, resultando na condena\u00e7\u00e3o a 14 anos e 6 meses de pris\u00e3o, por corrup\u00e7\u00e3o passiva, lavagem de dinheiro e evas\u00e3o fraudolenta de divisas. Cunha foi preso em outubro de 2016, em Bras\u00edlia, mas foi transferido para o Complexo M\u00e9dico-Penal de Pinhais, no Paran\u00e1, onde cumpre pena.<\/p>\n<p><strong>CARIRI EM A\u00c7\u00c3O<\/strong><\/p>\n<p><em>Com Uol\/Foto: Reprodu\u00e7\u00e3o Internet<\/em><\/p>\n<p><strong>Leia mais not\u00edcias em\u00a0<\/strong><a href=\"http:\/\/www.caririemacao.com\/\"><strong>caririemacao.com<\/strong><\/a><strong>, siga nossa p\u00e1gina no\u00a0<\/strong><a href=\"https:\/\/www.facebook.com\/CaririEmAcao\/?ref=aymt_homepage_panel\"><strong>Facebook<\/strong><\/a>,<strong>\u00a0<\/strong><a href=\"https:\/\/www.instagram.com\/cariri_em_acao\/?hl=pt-br\"><strong>Instagram<\/strong><\/a><strong>\u00a0e <\/strong><a href=\"https:\/\/www.youtube.com\/channel\/UCAptA0jQuYQy8vMhLt2m4qg\"><strong>Youtube<\/strong><\/a><strong>\u00a0e veja nossas mat\u00e9rias, v\u00eddeos e fotos. Voc\u00ea tamb\u00e9m pode enviar informa\u00e7\u00f5es \u00e0 Reda\u00e7\u00e3o do Portal Cariri em A\u00e7\u00e3o pelo WhatsApp (83) 9 9634.5791, (83) 9 9601-1162.<\/strong><\/p>\n","protected":false},"excerpt":{"rendered":"<p>Respons\u00e1vel pelas a\u00e7\u00f5es da Opera\u00e7\u00e3o Lava Jato em primeira inst\u00e2ncia, o juiz da 13\u00aa Vara Federal de Curitiba, S\u00e9rgio Moro, determinou o sequestro de US$&hellip; <\/p>\n","protected":false},"author":2,"featured_media":5630,"comment_status":"closed","ping_status":"closed","sticky":false,"template":"","format":"standard","meta":{"sfsi_plus_gutenberg_text_before_share":"","sfsi_plus_gutenberg_show_text_before_share":"","sfsi_plus_gutenberg_icon_type":"","sfsi_plus_gutenberg_icon_alignemt":"","sfsi_plus_gutenburg_max_per_row":"","footnotes":""},"categories":[11],"tags":[],"class_list":["post-45334","post","type-post","status-publish","format-standard","has-post-thumbnail","hentry","category-politica"],"_links":{"self":[{"href":"https:\/\/www.caririemacao.com\/1\/wp-json\/wp\/v2\/posts\/45334","targetHints":{"allow":["GET"]}}],"collection":[{"href":"https:\/\/www.caririemacao.com\/1\/wp-json\/wp\/v2\/posts"}],"about":[{"href":"https:\/\/www.caririemacao.com\/1\/wp-json\/wp\/v2\/types\/post"}],"author":[{"embeddable":true,"href":"https:\/\/www.caririemacao.com\/1\/wp-json\/wp\/v2\/users\/2"}],"replies":[{"embeddable":true,"href":"https:\/\/www.caririemacao.com\/1\/wp-json\/wp\/v2\/comments?post=45334"}],"version-history":[{"count":0,"href":"https:\/\/www.caririemacao.com\/1\/wp-json\/wp\/v2\/posts\/45334\/revisions"}],"wp:featuredmedia":[{"embeddable":true,"href":"https:\/\/www.caririemacao.com\/1\/wp-json\/wp\/v2\/media\/5630"}],"wp:attachment":[{"href":"https:\/\/www.caririemacao.com\/1\/wp-json\/wp\/v2\/media?parent=45334"}],"wp:term":[{"taxonomy":"category","embeddable":true,"href":"https:\/\/www.caririemacao.com\/1\/wp-json\/wp\/v2\/categories?post=45334"},{"taxonomy":"post_tag","embeddable":true,"href":"https:\/\/www.caririemacao.com\/1\/wp-json\/wp\/v2\/tags?post=45334"}],"curies":[{"name":"wp","href":"https:\/\/api.w.org\/{rel}","templated":true}]}}