{"id":45336,"date":"2018-03-26T12:06:25","date_gmt":"2018-03-26T15:06:25","guid":{"rendered":"http:\/\/caririemacao.com\/1\/?p=45336"},"modified":"2018-03-26T12:06:25","modified_gmt":"2018-03-26T15:06:25","slug":"tcu-divulga-lista-dos-fichas-suja-da-paraiba-confira","status":"publish","type":"post","link":"https:\/\/www.caririemacao.com\/1\/2018\/03\/26\/tcu-divulga-lista-dos-fichas-suja-da-paraiba-confira\/","title":{"rendered":"TCU divulga lista dos \u2018fichas suja\u2019 da Para\u00edba; confira"},"content":{"rendered":"<p>O Tribunal de Contas da Uni\u00e3o (TCU) disponibilizou na \u00faltima sexta-feira (23), a lista de pol\u00edticos paraibanos com contas rejeitadas. Com esses dados o Minist\u00e9rio P\u00fablico Eleitoral dever\u00e1 impugnar as candidaturas nas elei\u00e7\u00f5es deste ano, com base na Lei da Ficha Limpa.<\/p>\n<p>O ex-senador C\u00edcero Lucena (PSDB), a ex-deputada L\u00facia Braga (PDT) e o ex-prefeito de Cajazeiras, Carlos Ant\u00f4nio (DEM), s\u00e3o os nomes de maior proje\u00e7\u00e3o estadual que apareceram na lista.<\/p>\n<p>Confira o lista completa colocando a Unidade da Federa\u00e7\u00e3o (Para\u00edba) e o munic\u00edpio:\u00a0<a href=\"https:\/\/contas.tcu.gov.br\/ords\/f?p=1384:1:6825270865736::NO::P1_MOSTRAR_TODOS:1\"><em>Lista de pol\u00edticos fichas suja<\/em><\/a><\/p>\n<p>Pela Lei da Ficha Limpa s\u00e3o ineleg\u00edveis \u201cos que tiverem suas contas relativas ao exerc\u00edcio de cargos ou fun\u00e7\u00f5es p\u00fablicas rejeitadas por irregularidade insan\u00e1vel que configure ato doloso de improbidade administrativa, e por decis\u00e3o irrecorr\u00edvel do \u00f3rg\u00e3o competente, salvo se esta houver sido suspensa ou anulada pelo para as elei\u00e7\u00f5es que se realizarem nos 8 (oito) anos seguintes, contados a partir da data da decis\u00e3o\u201d.<\/p>\n<p><strong>CARIRI EM A\u00c7\u00c3O<\/strong><\/p>\n<p><em>Com Para\u00edba\u00a0Debate\/Foto: Reprodu\u00e7\u00e3o Internet<\/em><\/p>\n<p><strong>Leia mais not\u00edcias em\u00a0<\/strong><a href=\"http:\/\/www.caririemacao.com\/\"><strong>caririemacao.com<\/strong><\/a><strong>, siga nossa p\u00e1gina no\u00a0<\/strong><a href=\"https:\/\/www.facebook.com\/CaririEmAcao\/?ref=aymt_homepage_panel\"><strong>Facebook<\/strong><\/a>,<strong>\u00a0<\/strong><a href=\"https:\/\/www.instagram.com\/cariri_em_acao\/?hl=pt-br\"><strong>Instagram<\/strong><\/a><strong>\u00a0e <\/strong><a href=\"https:\/\/www.youtube.com\/channel\/UCAptA0jQuYQy8vMhLt2m4qg\"><strong>Youtube<\/strong><\/a><strong>\u00a0e veja nossas mat\u00e9rias, v\u00eddeos e fotos. Voc\u00ea tamb\u00e9m pode enviar informa\u00e7\u00f5es \u00e0 Reda\u00e7\u00e3o do Portal Cariri em A\u00e7\u00e3o pelo WhatsApp (83) 9 9634.5791, (83) 9 9601-1162.<\/strong><\/p>\n","protected":false},"excerpt":{"rendered":"<p>O Tribunal de Contas da Uni\u00e3o (TCU) disponibilizou na \u00faltima sexta-feira (23), a lista de pol\u00edticos paraibanos com contas rejeitadas. Com esses dados o Minist\u00e9rio&hellip; <\/p>\n","protected":false},"author":2,"featured_media":45340,"comment_status":"closed","ping_status":"closed","sticky":false,"template":"","format":"standard","meta":{"sfsi_plus_gutenberg_text_before_share":"","sfsi_plus_gutenberg_show_text_before_share":"","sfsi_plus_gutenberg_icon_type":"","sfsi_plus_gutenberg_icon_alignemt":"","sfsi_plus_gutenburg_max_per_row":"","footnotes":""},"categories":[11],"tags":[],"class_list":["post-45336","post","type-post","status-publish","format-standard","has-post-thumbnail","hentry","category-politica"],"_links":{"self":[{"href":"https:\/\/www.caririemacao.com\/1\/wp-json\/wp\/v2\/posts\/45336","targetHints":{"allow":["GET"]}}],"collection":[{"href":"https:\/\/www.caririemacao.com\/1\/wp-json\/wp\/v2\/posts"}],"about":[{"href":"https:\/\/www.caririemacao.com\/1\/wp-json\/wp\/v2\/types\/post"}],"author":[{"embeddable":true,"href":"https:\/\/www.caririemacao.com\/1\/wp-json\/wp\/v2\/users\/2"}],"replies":[{"embeddable":true,"href":"https:\/\/www.caririemacao.com\/1\/wp-json\/wp\/v2\/comments?post=45336"}],"version-history":[{"count":0,"href":"https:\/\/www.caririemacao.com\/1\/wp-json\/wp\/v2\/posts\/45336\/revisions"}],"wp:featuredmedia":[{"embeddable":true,"href":"https:\/\/www.caririemacao.com\/1\/wp-json\/wp\/v2\/media\/45340"}],"wp:attachment":[{"href":"https:\/\/www.caririemacao.com\/1\/wp-json\/wp\/v2\/media?parent=45336"}],"wp:term":[{"taxonomy":"category","embeddable":true,"href":"https:\/\/www.caririemacao.com\/1\/wp-json\/wp\/v2\/categories?post=45336"},{"taxonomy":"post_tag","embeddable":true,"href":"https:\/\/www.caririemacao.com\/1\/wp-json\/wp\/v2\/tags?post=45336"}],"curies":[{"name":"wp","href":"https:\/\/api.w.org\/{rel}","templated":true}]}}