{"id":45339,"date":"2018-03-26T12:06:52","date_gmt":"2018-03-26T15:06:52","guid":{"rendered":"http:\/\/caririemacao.com\/1\/?p=45339"},"modified":"2018-03-26T12:06:52","modified_gmt":"2018-03-26T15:06:52","slug":"baba-assume-vaga-de-marielle-na-camara-de-vereadores-do-rio","status":"publish","type":"post","link":"https:\/\/www.caririemacao.com\/1\/2018\/03\/26\/baba-assume-vaga-de-marielle-na-camara-de-vereadores-do-rio\/","title":{"rendered":"&#8216;Bab\u00e1&#8217; assume vaga de Marielle na C\u00e2mara de Vereadores do Rio"},"content":{"rendered":"<p><span class=\"news_capital_letter\">O\u00a0<\/span>suplente de Marielle Franco, assassinada a tiros no \u00faltimo dia 14, toma posse na C\u00e2mara dos Vereadores do Rio, nesta segunda-feira (26). Jo\u00e3o Batista de Ara\u00fajo (PSOL), mais conhecido como &#8220;Bab\u00e1&#8221;, teve 6.661 votos em 2016.<\/p>\n<p>Bab\u00e1 come\u00e7ou a vida pol\u00edtica no PT, partido pelo qual foi eleito para a C\u00e2mara de Bel\u00e9m (PA), em 1989 e 1990. Al\u00e9m disso, foi deputado estadual de 1991 a 1998, e federal de 1999 a 2006. Nesta \u00e9poca, foi expulso da legenda e, junto com nomes como Helo\u00edsa Helena, Milton Temer e Luciana Genro, fundou o PSOL.<\/p>\n<p>Em 2004, transferiu seu domic\u00edlio eleitoral para o Rio de Janeiro para auxiliar na consolida\u00e7\u00e3o do partido criado. Em 2006 foi candidato a reelei\u00e7\u00e3o, obtendo 27.367 votos, passando a ser o primeiro suplente da bancada do (PSOL-RJ).<\/p>\n<p>Em 2010, foi pr\u00e9-candidato \u00e0 presid\u00eancia da Rep\u00fablica pelo PSOL.<\/p>\n<p>Em 2012, foi candidato a vereador no munic\u00edpio do Rio de Janeiro, obtendo 10.978 votos, e ocupando a primeira supl\u00eancia pelo PSOL. Assumiu o mandato de vereador em 1\u00ba de fevereiro de 2015, devido a Eliomar Coelho (PSOL-RJ) ter sido eleito deputado estadual.<\/p>\n<p>Mesmo longe da legislatura, de acordo com o Extra, Bab\u00e1 permaneceu bastante ativo politicamente. Nas redes sociais, ele manifestou apoio \u00e0 pr\u00e9-candidatura de Pl\u00ednio de Arruda Sampaio Jr. \u00e0 presid\u00eancia da Rep\u00fablica, e n\u00e3o poupou cr\u00edticas quando o partido anunciou Guilhermen Boulos como o nome da legenda para o Planalto.<\/p>\n<p><strong>CARIRI EM A\u00c7\u00c3O<\/strong><\/p>\n<p><em>Com Politico ao Minuto\/Foto: Reprodu\u00e7\u00e3o Internet\u00a0<\/em><\/p>\n<p><strong>Leia mais not\u00edcias em\u00a0<\/strong><a href=\"http:\/\/www.caririemacao.com\/\"><strong>caririemacao.com<\/strong><\/a><strong>, siga nossa p\u00e1gina no\u00a0<\/strong><a href=\"https:\/\/www.facebook.com\/CaririEmAcao\/?ref=aymt_homepage_panel\"><strong>Facebook<\/strong><\/a>,<strong>\u00a0<\/strong><a href=\"https:\/\/www.instagram.com\/cariri_em_acao\/?hl=pt-br\"><strong>Instagram<\/strong><\/a><strong>\u00a0e\u00a0<\/strong><a href=\"https:\/\/www.youtube.com\/channel\/UCAptA0jQuYQy8vMhLt2m4qg\"><strong>Youtube<\/strong><\/a><strong>\u00a0e veja nossas mat\u00e9rias, v\u00eddeos e fotos. Voc\u00ea tamb\u00e9m pode enviar informa\u00e7\u00f5es \u00e0 Reda\u00e7\u00e3o do Portal Cariri em A\u00e7\u00e3o pelo WhatsApp (83) 9 9634.5791, (83) 9 9601-1162.<\/strong><\/p>\n","protected":false},"excerpt":{"rendered":"<p>O\u00a0suplente de Marielle Franco, assassinada a tiros no \u00faltimo dia 14, toma posse na C\u00e2mara dos Vereadores do Rio, nesta segunda-feira (26). Jo\u00e3o Batista de&hellip; <\/p>\n","protected":false},"author":2,"featured_media":45342,"comment_status":"closed","ping_status":"closed","sticky":false,"template":"","format":"standard","meta":{"sfsi_plus_gutenberg_text_before_share":"","sfsi_plus_gutenberg_show_text_before_share":"","sfsi_plus_gutenberg_icon_type":"","sfsi_plus_gutenberg_icon_alignemt":"","sfsi_plus_gutenburg_max_per_row":"","footnotes":""},"categories":[11],"tags":[],"class_list":["post-45339","post","type-post","status-publish","format-standard","has-post-thumbnail","hentry","category-politica"],"_links":{"self":[{"href":"https:\/\/www.caririemacao.com\/1\/wp-json\/wp\/v2\/posts\/45339","targetHints":{"allow":["GET"]}}],"collection":[{"href":"https:\/\/www.caririemacao.com\/1\/wp-json\/wp\/v2\/posts"}],"about":[{"href":"https:\/\/www.caririemacao.com\/1\/wp-json\/wp\/v2\/types\/post"}],"author":[{"embeddable":true,"href":"https:\/\/www.caririemacao.com\/1\/wp-json\/wp\/v2\/users\/2"}],"replies":[{"embeddable":true,"href":"https:\/\/www.caririemacao.com\/1\/wp-json\/wp\/v2\/comments?post=45339"}],"version-history":[{"count":0,"href":"https:\/\/www.caririemacao.com\/1\/wp-json\/wp\/v2\/posts\/45339\/revisions"}],"wp:featuredmedia":[{"embeddable":true,"href":"https:\/\/www.caririemacao.com\/1\/wp-json\/wp\/v2\/media\/45342"}],"wp:attachment":[{"href":"https:\/\/www.caririemacao.com\/1\/wp-json\/wp\/v2\/media?parent=45339"}],"wp:term":[{"taxonomy":"category","embeddable":true,"href":"https:\/\/www.caririemacao.com\/1\/wp-json\/wp\/v2\/categories?post=45339"},{"taxonomy":"post_tag","embeddable":true,"href":"https:\/\/www.caririemacao.com\/1\/wp-json\/wp\/v2\/tags?post=45339"}],"curies":[{"name":"wp","href":"https:\/\/api.w.org\/{rel}","templated":true}]}}