{"id":45348,"date":"2018-03-26T15:09:58","date_gmt":"2018-03-26T18:09:58","guid":{"rendered":"http:\/\/caririemacao.com\/1\/?p=45348"},"modified":"2018-03-26T12:12:53","modified_gmt":"2018-03-26T15:12:53","slug":"abertas-inscricoes-para-concurso-da-pm-e-dos-bombeiros-na-paraiba","status":"publish","type":"post","link":"https:\/\/www.caririemacao.com\/1\/2018\/03\/26\/abertas-inscricoes-para-concurso-da-pm-e-dos-bombeiros-na-paraiba\/","title":{"rendered":"Abertas inscri\u00e7\u00f5es para concurso da PM e dos Bombeiros na Para\u00edba"},"content":{"rendered":"<p>Est\u00e3o abertas as inscri\u00e7\u00f5es para o concurso da Pol\u00edcia Militar e do Corpo de Bombeiros Militar, com mil vagas para o Curso de Forma\u00e7\u00e3o de Soldados 2018.<\/p>\n<p>As inscri\u00e7\u00f5es custam R$ 70 e come\u00e7aram na manh\u00e3 desta segunda-feira (26). O prazo vai at\u00e9 o pr\u00f3ximo dia 9 de abril.<\/p>\n<p>Os candidatos devem se inscrever no site\u00a0www.ibfc.org.br. O edital do concurso est\u00e1 dispon\u00edvel no site da PM, atrav\u00e9s do endere\u00e7o eletr\u00f4nico\u00a0www.pm.pb.gov.br, e a prova est\u00e1 prevista para acontecer no pr\u00f3ximo dia 29 de abril.<\/p>\n<p>Para a Pol\u00edcia Militar est\u00e3o disponibilizadas 900 vagas, sendo 850 para o sexo masculino, e 50 para o feminino. Al\u00e9m do sexo e da l\u00edngua estrangeira, o candidato dever\u00e1 escolher entre as vagas distribu\u00eddas pelos Comandos Regionais com sede em Jo\u00e3o Pessoa (320 vagas), Campina Grande (360) e Patos (220).<\/p>\n<p>Neste ano, o Curso de Forma\u00e7\u00e3o de Soldados, denominado Curso Superior de Tecnologia em Seguran\u00e7a P\u00fablica, constar\u00e1 no curr\u00edculo o m\u00ednimo de 1.600 horas-aula de forma\u00e7\u00e3o.<\/p>\n<p>Entre as outras novidades deste concurso est\u00e1 a idade. Agora, os candidatos que completam 18 a 32 anos neste ano, poder\u00e3o se inscrever.<\/p>\n<p>Tamb\u00e9m foram adicionadas as disciplinas de No\u00e7\u00f5es de Inform\u00e1tica e L\u00edngua Estrangeira ao certame, que se juntam \u00e0s disciplinas de L\u00edngua Portuguesa, Racioc\u00ednio L\u00f3gico, Geografia e Hist\u00f3ria da Para\u00edba, No\u00e7\u00f5es de Direito e de Sociologia.<\/p>\n<p>Os candidatos dever\u00e3o ter o ensino m\u00e9dio completo, estar em pleno gozo dos direitos civis e pol\u00edticos, e n\u00e3o possu\u00edrem antecedentes criminais.<\/p>\n<p>At\u00e9 o resultado final, o candidato passar\u00e1 ainda pelas fases do exame psicol\u00f3gico, de sa\u00fade, de aptid\u00e3o f\u00edsica, e avalia\u00e7\u00e3o social.<\/p>\n<p>Ap\u00f3s conclus\u00e3o com o aproveitamento do Curso de Forma\u00e7\u00e3o de Soldados, o militar dever\u00e1 ganhar R$ 3.202,60, podendo receber ainda adicional por plant\u00e3o remunerado.<\/p>\n<p>Durante o curso, o aluno ganhar\u00e1 uma bolsa equivalente a um sal\u00e1rio m\u00ednimo, acrescido de aux\u00edlio-alimenta\u00e7\u00e3o.<\/p>\n<p><strong>CARIRI EM A\u00c7\u00c3O<\/strong><\/p>\n<p><em>Com Secom\/PB\/Foto: Reprodu\u00e7\u00e3o Internet\u00a0<\/em><\/p>\n<p><strong>Leia mais not\u00edcias em\u00a0<\/strong><a href=\"http:\/\/www.caririemacao.com\/\"><strong>caririemacao.com<\/strong><\/a><strong>, siga nossa p\u00e1gina no\u00a0<\/strong><a href=\"https:\/\/www.facebook.com\/CaririEmAcao\/?ref=aymt_homepage_panel\"><strong>Facebook<\/strong><\/a>,<strong>\u00a0<\/strong><a href=\"https:\/\/www.instagram.com\/cariri_em_acao\/?hl=pt-br\"><strong>Instagram<\/strong><\/a><strong>\u00a0e\u00a0<\/strong><a href=\"https:\/\/www.youtube.com\/channel\/UCAptA0jQuYQy8vMhLt2m4qg\"><strong>Youtube<\/strong><\/a><strong>\u00a0e veja nossas mat\u00e9rias, v\u00eddeos e fotos. Voc\u00ea tamb\u00e9m pode enviar informa\u00e7\u00f5es \u00e0 Reda\u00e7\u00e3o do Portal Cariri em A\u00e7\u00e3o pelo WhatsApp (83) 9 9634.5791, (83) 9 9601-1162.<\/strong><\/p>\n<div class=\"ssbp-set--one ssbp-wrap ssbp-- ssbp--theme-4\" data-ssbp-toggle=\"true\">\n<div class=\"ssbp-container\" data-ssbp-share-text=\"\" data-ssbp-url=\"https:\/\/paraibaonline.com.br\/2018\/03\/abertas-inscricoes-para-concurso-da-pm-e-dos-bombeiros-na-paraiba\/\" data-ssbp-title=\"Abertas inscri\u00e7\u00f5es para concurso da PM e dos Bombeiros na Para\u00edba\" data-ssbp-short-url=\"\" data-ssbp-post-id=\"275369\"><\/div>\n<\/div>\n","protected":false},"excerpt":{"rendered":"<p>Est\u00e3o abertas as inscri\u00e7\u00f5es para o concurso da Pol\u00edcia Militar e do Corpo de Bombeiros Militar, com mil vagas para o Curso de Forma\u00e7\u00e3o de&hellip; <\/p>\n","protected":false},"author":2,"featured_media":45349,"comment_status":"closed","ping_status":"closed","sticky":false,"template":"","format":"standard","meta":{"sfsi_plus_gutenberg_text_before_share":"","sfsi_plus_gutenberg_show_text_before_share":"","sfsi_plus_gutenberg_icon_type":"","sfsi_plus_gutenberg_icon_alignemt":"","sfsi_plus_gutenburg_max_per_row":"","footnotes":""},"categories":[2],"tags":[],"class_list":["post-45348","post","type-post","status-publish","format-standard","has-post-thumbnail","hentry","category-geral"],"_links":{"self":[{"href":"https:\/\/www.caririemacao.com\/1\/wp-json\/wp\/v2\/posts\/45348","targetHints":{"allow":["GET"]}}],"collection":[{"href":"https:\/\/www.caririemacao.com\/1\/wp-json\/wp\/v2\/posts"}],"about":[{"href":"https:\/\/www.caririemacao.com\/1\/wp-json\/wp\/v2\/types\/post"}],"author":[{"embeddable":true,"href":"https:\/\/www.caririemacao.com\/1\/wp-json\/wp\/v2\/users\/2"}],"replies":[{"embeddable":true,"href":"https:\/\/www.caririemacao.com\/1\/wp-json\/wp\/v2\/comments?post=45348"}],"version-history":[{"count":0,"href":"https:\/\/www.caririemacao.com\/1\/wp-json\/wp\/v2\/posts\/45348\/revisions"}],"wp:featuredmedia":[{"embeddable":true,"href":"https:\/\/www.caririemacao.com\/1\/wp-json\/wp\/v2\/media\/45349"}],"wp:attachment":[{"href":"https:\/\/www.caririemacao.com\/1\/wp-json\/wp\/v2\/media?parent=45348"}],"wp:term":[{"taxonomy":"category","embeddable":true,"href":"https:\/\/www.caririemacao.com\/1\/wp-json\/wp\/v2\/categories?post=45348"},{"taxonomy":"post_tag","embeddable":true,"href":"https:\/\/www.caririemacao.com\/1\/wp-json\/wp\/v2\/tags?post=45348"}],"curies":[{"name":"wp","href":"https:\/\/api.w.org\/{rel}","templated":true}]}}