{"id":45360,"date":"2018-03-26T16:43:15","date_gmt":"2018-03-26T19:43:15","guid":{"rendered":"http:\/\/caririemacao.com\/1\/?p=45360"},"modified":"2018-03-26T16:43:15","modified_gmt":"2018-03-26T19:43:15","slug":"carro-desgovernado-bate-em-onibus-da-transbraz-em-sume","status":"publish","type":"post","link":"https:\/\/www.caririemacao.com\/1\/2018\/03\/26\/carro-desgovernado-bate-em-onibus-da-transbraz-em-sume\/","title":{"rendered":"Carro desgovernado bate em \u00f4nibus da Transbraz em Sum\u00e9"},"content":{"rendered":"<p>Por volta das 16h desta segunda-feira, dia 26, um carro desgovernado que vinha na Rua Higino Monteiro, sentindo Avenida 1\u00ba de abril, centro de Sum\u00e9, passou direto no cruzamento e bateu na traseira do \u00f4nibus da Transbraz que estava passando no local.<\/p>\n<p><a href=\"http:\/\/caririemacao.com\/1\/?attachment_id=45361\" rel=\"attachment wp-att-45361\"><img fetchpriority=\"high\" decoding=\"async\" class=\"aligncenter size-full wp-image-45361\" src=\"http:\/\/caririemacao.com\/1\/wp-content\/uploads\/2018\/03\/1db78b57-91e3-46c8-9576-60a5e37ebbd2.jpg\" alt=\"\" width=\"800\" height=\"600\" srcset=\"https:\/\/www.caririemacao.com\/1\/wp-content\/uploads\/2018\/03\/1db78b57-91e3-46c8-9576-60a5e37ebbd2.jpg 800w, https:\/\/www.caririemacao.com\/1\/wp-content\/uploads\/2018\/03\/1db78b57-91e3-46c8-9576-60a5e37ebbd2-300x225.jpg 300w, https:\/\/www.caririemacao.com\/1\/wp-content\/uploads\/2018\/03\/1db78b57-91e3-46c8-9576-60a5e37ebbd2-768x576.jpg 768w\" sizes=\"(max-width: 800px) 100vw, 800px\" \/><\/a><\/p>\n<p>O ve\u00edculo que bateu \u00e9 um Kadett, cor vermelha, ano 93 conduzido por um homem conhecido popularmente em Sum\u00e9 por \u201cPiquitim\u201d.<\/p>\n<p>Segundo informa\u00e7\u00f5es, Piquitim estava embriagado e foi autuado em flagrante. Antes de ser encaminhado para a Delegacia, a PM o levou para fazer atendido no hospital, j\u00e1 que o mesmo, sofreu ferimento na cabe\u00e7a.<\/p>\n<p><a href=\"http:\/\/caririemacao.com\/1\/?attachment_id=45364\" rel=\"attachment wp-att-45364\"><img decoding=\"async\" class=\"aligncenter size-full wp-image-45364 lazyload\" data-src=\"http:\/\/caririemacao.com\/1\/wp-content\/uploads\/2018\/03\/c3c5555e-ee29-47da-ae36-6d26ff0e152c.jpg\" alt=\"\" width=\"800\" height=\"600\" data-srcset=\"https:\/\/www.caririemacao.com\/1\/wp-content\/uploads\/2018\/03\/c3c5555e-ee29-47da-ae36-6d26ff0e152c.jpg 800w, https:\/\/www.caririemacao.com\/1\/wp-content\/uploads\/2018\/03\/c3c5555e-ee29-47da-ae36-6d26ff0e152c-300x225.jpg 300w, https:\/\/www.caririemacao.com\/1\/wp-content\/uploads\/2018\/03\/c3c5555e-ee29-47da-ae36-6d26ff0e152c-768x576.jpg 768w\" data-sizes=\"(max-width: 800px) 100vw, 800px\" src=\"data:image\/svg+xml;base64,PHN2ZyB3aWR0aD0iMSIgaGVpZ2h0PSIxIiB4bWxucz0iaHR0cDovL3d3dy53My5vcmcvMjAwMC9zdmciPjwvc3ZnPg==\" style=\"--smush-placeholder-width: 800px; --smush-placeholder-aspect-ratio: 800\/600;\" \/><\/a><\/p>\n<p>J\u00e1 o motorista do \u00f4nibus da Transbraz foi prestar informa\u00e7\u00f5es na Delegacia sobre o acidente.<\/p>\n<p><strong>CARIRI EM A\u00c7\u00c3O<\/strong><\/p>\n<p><strong style=\"font-style: inherit;\">Leia mais not\u00edcias em\u00a0<\/strong><a style=\"font-style: inherit; font-weight: inherit;\" href=\"http:\/\/www.caririemacao.com\/\"><strong style=\"font-style: inherit;\">caririemacao.com<\/strong><\/a><strong style=\"font-style: inherit;\">, siga nossa p\u00e1gina no\u00a0<\/strong><a style=\"font-style: inherit; font-weight: inherit;\" href=\"https:\/\/www.facebook.com\/CaririEmAcao\/?ref=aymt_homepage_panel\"><strong style=\"font-style: inherit;\">Facebook<\/strong><\/a>,<strong style=\"font-style: inherit;\">\u00a0<\/strong><a style=\"font-style: inherit; font-weight: inherit;\" href=\"https:\/\/www.instagram.com\/cariri_em_acao\/?hl=pt-br\"><strong style=\"font-style: inherit;\">Instagram<\/strong><\/a><strong style=\"font-style: inherit;\">\u00a0e\u00a0<\/strong><a style=\"font-style: inherit; font-weight: inherit;\" href=\"https:\/\/www.youtube.com\/channel\/UCAptA0jQuYQy8vMhLt2m4qg\"><strong style=\"font-style: inherit;\">Youtube<\/strong><\/a><strong style=\"font-style: inherit;\">\u00a0e veja nossas mat\u00e9rias, v\u00eddeos e fotos. Voc\u00ea tamb\u00e9m pode enviar informa\u00e7\u00f5es \u00e0 Reda\u00e7\u00e3o do Portal Cariri em A\u00e7\u00e3o pelo WhatsApp (83) 9 9634.5791, (83) 9 9601-1162.<\/strong><\/p>\n","protected":false},"excerpt":{"rendered":"<p>Por volta das 16h desta segunda-feira, dia 26, um carro desgovernado que vinha na Rua Higino Monteiro, sentindo Avenida 1\u00ba de abril, centro de Sum\u00e9,&hellip; <\/p>\n","protected":false},"author":2,"featured_media":45363,"comment_status":"closed","ping_status":"closed","sticky":false,"template":"","format":"standard","meta":{"sfsi_plus_gutenberg_text_before_share":"","sfsi_plus_gutenberg_show_text_before_share":"","sfsi_plus_gutenberg_icon_type":"","sfsi_plus_gutenberg_icon_alignemt":"","sfsi_plus_gutenburg_max_per_row":"","footnotes":""},"categories":[12],"tags":[],"class_list":["post-45360","post","type-post","status-publish","format-standard","has-post-thumbnail","hentry","category-policia"],"_links":{"self":[{"href":"https:\/\/www.caririemacao.com\/1\/wp-json\/wp\/v2\/posts\/45360","targetHints":{"allow":["GET"]}}],"collection":[{"href":"https:\/\/www.caririemacao.com\/1\/wp-json\/wp\/v2\/posts"}],"about":[{"href":"https:\/\/www.caririemacao.com\/1\/wp-json\/wp\/v2\/types\/post"}],"author":[{"embeddable":true,"href":"https:\/\/www.caririemacao.com\/1\/wp-json\/wp\/v2\/users\/2"}],"replies":[{"embeddable":true,"href":"https:\/\/www.caririemacao.com\/1\/wp-json\/wp\/v2\/comments?post=45360"}],"version-history":[{"count":0,"href":"https:\/\/www.caririemacao.com\/1\/wp-json\/wp\/v2\/posts\/45360\/revisions"}],"wp:featuredmedia":[{"embeddable":true,"href":"https:\/\/www.caririemacao.com\/1\/wp-json\/wp\/v2\/media\/45363"}],"wp:attachment":[{"href":"https:\/\/www.caririemacao.com\/1\/wp-json\/wp\/v2\/media?parent=45360"}],"wp:term":[{"taxonomy":"category","embeddable":true,"href":"https:\/\/www.caririemacao.com\/1\/wp-json\/wp\/v2\/categories?post=45360"},{"taxonomy":"post_tag","embeddable":true,"href":"https:\/\/www.caririemacao.com\/1\/wp-json\/wp\/v2\/tags?post=45360"}],"curies":[{"name":"wp","href":"https:\/\/api.w.org\/{rel}","templated":true}]}}