{"id":45366,"date":"2018-03-27T07:15:39","date_gmt":"2018-03-27T10:15:39","guid":{"rendered":"http:\/\/caririemacao.com\/1\/?p=45366"},"modified":"2018-03-27T07:15:39","modified_gmt":"2018-03-27T10:15:39","slug":"75-cidades-encerram-cadastramento-biometrico-nesta-terca-feira","status":"publish","type":"post","link":"https:\/\/www.caririemacao.com\/1\/2018\/03\/27\/75-cidades-encerram-cadastramento-biometrico-nesta-terca-feira\/","title":{"rendered":"75 cidades encerram cadastramento biom\u00e9trico nesta ter\u00e7a-feira"},"content":{"rendered":"<p><span class=\"news_capital_letter\">O\u00a0<\/span>prazo para cadastramento da biometria se encerra nesta ter\u00e7a-feira (27) para 75 cidades do estado de S\u00e3o Paulo. O procedimento \u00e9 obrigat\u00f3rio\u00a0e os eleitores que n\u00e3o regularizarem a situa\u00e7\u00e3o no prazo n\u00e3o poder\u00e3o votar. Confira abaixo lista de munic\u00edpios.<\/p>\n<p>Segundo informado pelo Tribunal Regional Eleitoral (TRE-SP), os prazos n\u00e3o ser\u00e3o prorrogados. Quem perder a data para o cadastramento tem at\u00e9 o dia 9 de maio para comparecer ao cart\u00f3rio eleitoral e regularizar a situa\u00e7\u00e3o.<\/p>\n<p>Para o cadastramento biom\u00e9trico \u00e9 necess\u00e1rio levar um documento de identifica\u00e7\u00e3o original com foto, comprovante de resid\u00eancia emitido nos \u00faltimos tr\u00eas meses e t\u00edtulo de eleitor, caso tenha. O procedimento \u00e9 realizado com agendamento pr\u00e9vio em todos os munic\u00edpios onde \u00e9 obrigat\u00f3rio.<\/p>\n<p><span class=\"news_bold\">Prazo at\u00e9 ter\u00e7a-feira (27):<\/span><\/p>\n<p>Piacatu<\/p>\n<p>Bilac<\/p>\n<p>Elisi\u00e1rio<\/p>\n<p>Gabriel Monteiro<\/p>\n<p>Divinol\u00e2ndia<\/p>\n<p>In\u00fabia Paulista<\/p>\n<p>Catanduva<\/p>\n<p>Junqueir\u00f3polis<\/p>\n<p>Guzol\u00e2ndia<\/p>\n<p>Caiabu<\/p>\n<p>S\u00e3o Sebasti\u00e3o da Grama<\/p>\n<p>S\u00e3o Lu\u00eds do Paraitinga<\/p>\n<p>Agua\u00ed<\/p>\n<p>Mirante do Paranapanema<\/p>\n<p>Descalvado<\/p>\n<p>Quat\u00e1<\/p>\n<p>Ribeir\u00e3o dos \u00cdndios<\/p>\n<p>Nova Luzit\u00e2nia<\/p>\n<p>Gast\u00e3o Vidigal<\/p>\n<p>Santa Cruz das Palmeiras<\/p>\n<p>Lagoinha<\/p>\n<p>Ribeir\u00e3o do Sul<\/p>\n<p>Auriflama<\/p>\n<p>Oriente<\/p>\n<p>Nova Castilho<\/p>\n<p>Para\u00edso<\/p>\n<p>Taciba<\/p>\n<p>Martin\u00f3polis<\/p>\n<p>Taquarituba<\/p>\n<p>Coronel Macedo<\/p>\n<p>Jo\u00e3o Ramalho<\/p>\n<p>Pracinha<\/p>\n<p>S\u00e3o Jo\u00e3o de Iracema<\/p>\n<p>Nhandeara<\/p>\n<p>General Salgado<\/p>\n<p>Floreal<\/p>\n<p>Monte Azul Paulista<\/p>\n<p>Piquerobi<\/p>\n<p>Indiana<\/p>\n<p>Mon\u00e7\u00f5es<\/p>\n<p>Luc\u00e9lia<\/p>\n<p>Regente Feij\u00f3<\/p>\n<p>Vera cruz<\/p>\n<p>Ocau\u00e7u<\/p>\n<p>Santo Anast\u00e1cio<\/p>\n<p>Tamba\u00fa<\/p>\n<p>Santa Rita do Passa Quatro<\/p>\n<p>Guar\u00e1<\/p>\n<p>Magda<\/p>\n<p>Areias<\/p>\n<p>Santo Ant\u00f4nio da Alegria<\/p>\n<p>Salto Grande<\/p>\n<p>Canitar<\/p>\n<p>Cunha<\/p>\n<p>Chavantes<\/p>\n<p>Rifaina<\/p>\n<p>Ouroeste<\/p>\n<p>Altin\u00f3polis<\/p>\n<p>Guarani d&#8217;Oeste<\/p>\n<p>Terra roxa<\/p>\n<p>Indiapor\u00e3<\/p>\n<p>Jeriquara<\/p>\n<p>Rubi\u00e1cea<\/p>\n<p>Miguel\u00f3polis<\/p>\n<p>Piratininga<\/p>\n<p>Maced\u00f4nia<\/p>\n<p>Canan\u00e9ia<\/p>\n<p>Piquete<\/p>\n<p>Guararapes<\/p>\n<p>Pedregulho<\/p>\n<p>Pedran\u00f3polis<\/p>\n<p>Viradouro<\/p>\n<p>Queluz<\/p>\n<p>Cabr\u00e1lia Paulista<\/p>\n<p>Meridiano<\/p>\n<p><span class=\"news_bold\">Prazo encerrado (regulariza\u00e7\u00e3o at\u00e9 9 de maio):<\/span><\/p>\n<p>\u00c1guas de S\u00e3o Pedro<\/p>\n<p>Anal\u00e2ndia<\/p>\n<p>Corumbata\u00ed<\/p>\n<p>Embu das Artes<\/p>\n<p>Ipe\u00fana<\/p>\n<p>Itirapina<\/p>\n<p>Itupeva<\/p>\n<p>Jundia\u00ed<\/p>\n<p>Louveira<\/p>\n<p>Nova Independ\u00eancia<\/p>\n<p>Nuporanga<\/p>\n<p>Sales Oliveira<\/p>\n<p>Santa Gertrudes<\/p>\n<p>Santa Maria da Serra<\/p>\n<p>S\u00e3o Pedro<\/p>\n<p>Vinhedo<\/p>\n<p>Guarulhos<\/p>\n<p>Pardinho<\/p>\n<p>Itatinga<\/p>\n<p>Botucatu<\/p>\n<p>V\u00e1rzea Paulista<\/p>\n<p>Salto de Pirapora<\/p>\n<p>Sorocaba<\/p>\n<p>Ara\u00e7oiaba da Serra<\/p>\n<p>Votorantim<\/p>\n<p><strong>CARIRI EM A\u00c7\u00c3O<\/strong><\/p>\n<p><em>Com Not\u00edcia ao Minuto\/Foto: Reprodu\u00e7\u00e3o Internet<\/em><\/p>\n<p><strong>Leia mais not\u00edcias em\u00a0<\/strong><a href=\"http:\/\/www.caririemacao.com\/\"><strong>caririemacao.com<\/strong><\/a><strong>, siga nossa p\u00e1gina no\u00a0<\/strong><a href=\"https:\/\/www.facebook.com\/CaririEmAcao\/?ref=aymt_homepage_panel\"><strong>Facebook<\/strong><\/a>,<strong>\u00a0<\/strong><a href=\"https:\/\/www.instagram.com\/cariri_em_acao\/?hl=pt-br\"><strong>Instagram<\/strong><\/a><strong>\u00a0e\u00a0<\/strong><a href=\"https:\/\/www.youtube.com\/channel\/UCAptA0jQuYQy8vMhLt2m4qg\"><strong>Youtube<\/strong><\/a><strong>\u00a0e veja nossas mat\u00e9rias, v\u00eddeos e fotos. Voc\u00ea tamb\u00e9m pode enviar informa\u00e7\u00f5es \u00e0 Reda\u00e7\u00e3o do Portal Cariri em A\u00e7\u00e3o pelo WhatsApp (83) 9 9634.5791, (83) 9 9601-1162.<\/strong><\/p>\n","protected":false},"excerpt":{"rendered":"<p>O\u00a0prazo para cadastramento da biometria se encerra nesta ter\u00e7a-feira (27) para 75 cidades do estado de S\u00e3o Paulo. O procedimento \u00e9 obrigat\u00f3rio\u00a0e os eleitores que&hellip; <\/p>\n","protected":false},"author":2,"featured_media":45367,"comment_status":"closed","ping_status":"closed","sticky":false,"template":"","format":"standard","meta":{"sfsi_plus_gutenberg_text_before_share":"","sfsi_plus_gutenberg_show_text_before_share":"","sfsi_plus_gutenberg_icon_type":"","sfsi_plus_gutenberg_icon_alignemt":"","sfsi_plus_gutenburg_max_per_row":"","footnotes":""},"categories":[2],"tags":[],"class_list":["post-45366","post","type-post","status-publish","format-standard","has-post-thumbnail","hentry","category-geral"],"_links":{"self":[{"href":"https:\/\/www.caririemacao.com\/1\/wp-json\/wp\/v2\/posts\/45366","targetHints":{"allow":["GET"]}}],"collection":[{"href":"https:\/\/www.caririemacao.com\/1\/wp-json\/wp\/v2\/posts"}],"about":[{"href":"https:\/\/www.caririemacao.com\/1\/wp-json\/wp\/v2\/types\/post"}],"author":[{"embeddable":true,"href":"https:\/\/www.caririemacao.com\/1\/wp-json\/wp\/v2\/users\/2"}],"replies":[{"embeddable":true,"href":"https:\/\/www.caririemacao.com\/1\/wp-json\/wp\/v2\/comments?post=45366"}],"version-history":[{"count":0,"href":"https:\/\/www.caririemacao.com\/1\/wp-json\/wp\/v2\/posts\/45366\/revisions"}],"wp:featuredmedia":[{"embeddable":true,"href":"https:\/\/www.caririemacao.com\/1\/wp-json\/wp\/v2\/media\/45367"}],"wp:attachment":[{"href":"https:\/\/www.caririemacao.com\/1\/wp-json\/wp\/v2\/media?parent=45366"}],"wp:term":[{"taxonomy":"category","embeddable":true,"href":"https:\/\/www.caririemacao.com\/1\/wp-json\/wp\/v2\/categories?post=45366"},{"taxonomy":"post_tag","embeddable":true,"href":"https:\/\/www.caririemacao.com\/1\/wp-json\/wp\/v2\/tags?post=45366"}],"curies":[{"name":"wp","href":"https:\/\/api.w.org\/{rel}","templated":true}]}}