{"id":45375,"date":"2018-03-27T07:30:35","date_gmt":"2018-03-27T10:30:35","guid":{"rendered":"http:\/\/caririemacao.com\/1\/?p=45375"},"modified":"2018-03-27T07:30:35","modified_gmt":"2018-03-27T10:30:35","slug":"governador-da-pb-ricardo-coutinho-e-condenado-pelo-tre-por-conduta-vedada","status":"publish","type":"post","link":"https:\/\/www.caririemacao.com\/1\/2018\/03\/27\/governador-da-pb-ricardo-coutinho-e-condenado-pelo-tre-por-conduta-vedada\/","title":{"rendered":"Governador da PB, Ricardo Coutinho, \u00e9 condenado pelo TRE por conduta vedada"},"content":{"rendered":"<div class=\"mc-column content-text active-extra-styles active-capital-letter\" data-block-type=\"unstyled\" data-block-weight=\"48\" data-block-id=\"2\">\n<p class=\"content-text__container theme-color-primary-first-letter\" data-track-category=\"Link no Texto\" data-track-links=\"\">O governador da Para\u00edba, Ricardo Coutinho (PSB), foi condenado pelo pleno do Tribunal Regional Eleitoral da Para\u00edba (TRE-PB), na tarde da \u00faltima segunda-feira (26), ao pagamento de multa de R$ 30 mil pela pr\u00e1tica de conduta vedada, por ter exonerado e nomeado servidores comissionados durante as elei\u00e7\u00f5es de 2014.<\/p>\n<\/div>\n<div class=\"mc-column content-text active-extra-styles \" data-block-type=\"unstyled\" data-block-weight=\"35\" data-block-id=\"3\">\n<p class=\"content-text__container \" data-track-category=\"Link no Texto\" data-track-links=\"\">O advogado do governador, F\u00e1bio Brito, afirmou que a defesa vai recorrer da decis\u00e3o ao Tribunal Superior Eleitoral (TSE). Segundo ele, a A\u00e7\u00e3o de Investiga\u00e7\u00e3o Judicial Eleitoral (Aije) &#8220;padece de um insuper\u00e1vel v\u00edcio de nulidade&#8221;.<\/p>\n<\/div>\n<div class=\"mc-column content-text active-extra-styles \" data-block-type=\"unstyled\" data-block-weight=\"103\" data-block-id=\"4\">\n<p class=\"content-text__container \" data-track-category=\"Link no Texto\" data-track-links=\"\">&#8220;Entendo que o TRE n\u00e3o agiu com o costumeiro acerto nesse caso concreto. Primeiro, porque a contrata\u00e7\u00e3o de prestadores de servi\u00e7o no per\u00edodo de julho a outubro de 2014 se deu para resguardar o funcionamento inadi\u00e1vel de servi\u00e7os p\u00fablicos essenciais, circunst\u00e2ncia permitida na Lei das Elei\u00e7\u00f5es. Segundo, porque de acordo com o regime de delega\u00e7\u00e3o de compet\u00eancias pr\u00f3prio da gest\u00e3o p\u00fablica estadual, n\u00e3o foi o Governador quem efetuou as contrata\u00e7\u00f5es questionadas na AIJE, mas as Secretarias de Estado. Desse modo, era necess\u00e1rio que os secret\u00e1rios tamb\u00e9m tivessem sido chamados para figurar no processo e, com efeito, justificar as contrata\u00e7\u00f5es realizadas&#8221;, afirmou o advogado.<\/p>\n<\/div>\n<div class=\"mc-column content-text active-extra-styles \" data-block-type=\"unstyled\" data-block-weight=\"20\" data-block-id=\"5\">\n<p class=\"content-text__container \" data-track-category=\"Link no Texto\" data-track-links=\"\">A vice-governadora, L\u00edgia Feliciano, tamb\u00e9m r\u00e9 no mesmo processo, foi absolvida. A decis\u00e3o foi tomada pela Corte Eleitoral por unanimidade.<\/p>\n<\/div>\n<div data-track-category=\"fim do conteudo\" data-track-action=\"ultimo chunk conteudo\" data-track-noninteraction=\"false\" data-track-scroll=\"entrada completa viewport\">\n<div class=\"mc-column content-text active-extra-styles \" data-block-type=\"unstyled\" data-block-weight=\"50\" data-block-id=\"6\">\n<p class=\"content-text__container \" data-track-category=\"Link no Texto\" data-track-links=\"\">A a\u00e7\u00e3o da coliga\u00e7\u00e3o &#8220;A Vontade do Povo&#8221;, que era encabe\u00e7ada pelo senador C\u00e1ssio Cunha Lima (PSDB) na \u00e9poca, pediu cassa\u00e7\u00e3o de diploma e registro, al\u00e9m de declara\u00e7\u00e3o de inelegibilidade dos r\u00e9us. Por\u00e9m, os pedidos n\u00e3o foram acatados pelo pleno do TRE, aplicando como pena apenas o pagamento da multa.<\/p>\n<p><strong>CARIRI EM A\u00c7\u00c3O<\/strong><\/p>\n<p><em>Com G1\/Foto: Reprodu\u00e7\u00e3o Internet\u00a0<\/em><\/p>\n<p><strong>Leia mais not\u00edcias em\u00a0<\/strong><a href=\"http:\/\/www.caririemacao.com\/\"><strong>caririemacao.com<\/strong><\/a><strong>, siga nossa p\u00e1gina no\u00a0<\/strong><a href=\"https:\/\/www.facebook.com\/CaririEmAcao\/?ref=aymt_homepage_panel\"><strong>Facebook<\/strong><\/a>,<strong>\u00a0<\/strong><a href=\"https:\/\/www.instagram.com\/cariri_em_acao\/?hl=pt-br\"><strong>Instagram<\/strong><\/a><strong>\u00a0e\u00a0<\/strong><a href=\"https:\/\/www.youtube.com\/channel\/UCAptA0jQuYQy8vMhLt2m4qg\"><strong>Youtube<\/strong><\/a><strong>\u00a0e veja nossas mat\u00e9rias, v\u00eddeos e fotos. Voc\u00ea tamb\u00e9m pode enviar informa\u00e7\u00f5es \u00e0 Reda\u00e7\u00e3o do Portal Cariri em A\u00e7\u00e3o pelo WhatsApp (83) 9 9634.5791, (83) 9 9601-1162.<\/strong><\/p>\n<\/div>\n<\/div>\n","protected":false},"excerpt":{"rendered":"<p>O governador da Para\u00edba, Ricardo Coutinho (PSB), foi condenado pelo pleno do Tribunal Regional Eleitoral da Para\u00edba (TRE-PB), na tarde da \u00faltima segunda-feira (26), ao&hellip; <\/p>\n","protected":false},"author":2,"featured_media":28862,"comment_status":"closed","ping_status":"closed","sticky":false,"template":"","format":"standard","meta":{"sfsi_plus_gutenberg_text_before_share":"","sfsi_plus_gutenberg_show_text_before_share":"","sfsi_plus_gutenberg_icon_type":"","sfsi_plus_gutenberg_icon_alignemt":"","sfsi_plus_gutenburg_max_per_row":"","footnotes":""},"categories":[11],"tags":[],"class_list":["post-45375","post","type-post","status-publish","format-standard","has-post-thumbnail","hentry","category-politica"],"_links":{"self":[{"href":"https:\/\/www.caririemacao.com\/1\/wp-json\/wp\/v2\/posts\/45375","targetHints":{"allow":["GET"]}}],"collection":[{"href":"https:\/\/www.caririemacao.com\/1\/wp-json\/wp\/v2\/posts"}],"about":[{"href":"https:\/\/www.caririemacao.com\/1\/wp-json\/wp\/v2\/types\/post"}],"author":[{"embeddable":true,"href":"https:\/\/www.caririemacao.com\/1\/wp-json\/wp\/v2\/users\/2"}],"replies":[{"embeddable":true,"href":"https:\/\/www.caririemacao.com\/1\/wp-json\/wp\/v2\/comments?post=45375"}],"version-history":[{"count":0,"href":"https:\/\/www.caririemacao.com\/1\/wp-json\/wp\/v2\/posts\/45375\/revisions"}],"wp:featuredmedia":[{"embeddable":true,"href":"https:\/\/www.caririemacao.com\/1\/wp-json\/wp\/v2\/media\/28862"}],"wp:attachment":[{"href":"https:\/\/www.caririemacao.com\/1\/wp-json\/wp\/v2\/media?parent=45375"}],"wp:term":[{"taxonomy":"category","embeddable":true,"href":"https:\/\/www.caririemacao.com\/1\/wp-json\/wp\/v2\/categories?post=45375"},{"taxonomy":"post_tag","embeddable":true,"href":"https:\/\/www.caririemacao.com\/1\/wp-json\/wp\/v2\/tags?post=45375"}],"curies":[{"name":"wp","href":"https:\/\/api.w.org\/{rel}","templated":true}]}}